{"id":774,"date":"2014-09-17T10:26:12","date_gmt":"2014-09-17T10:26:12","guid":{"rendered":"http:\/\/jf-sbrasalportel.pt\/jf\/?p=774"},"modified":"2015-01-19T13:29:22","modified_gmt":"2015-01-19T13:29:22","slug":"universidade-senior-sessao-de-abertura-do-ano-letivo-20142015","status":"publish","type":"post","link":"https:\/\/jf-sbrasalportel.pt\/jfsba\/universidade-senior-sessao-de-abertura-do-ano-letivo-20142015\/","title":{"rendered":"Universidade S\u00e9nior &#8211; Sess\u00e3o de Abertura do Ano Letivo 2014\/2015"},"content":{"rendered":"<p><img loading=\"lazy\" decoding=\"async\" class=\"alignnone wp-image-596 size-full\" src=\"http:\/\/jf-sbrasalportel.pt\/jf\/wp-content\/uploads\/2014\/05\/Universidade_S\u00e9nior_SBA.png\" alt=\"Universidade S\u00e9nior\" width=\"300\" height=\"89\" \/><\/p>\n<p>No dia 3 de Novembro de 2014 deu-se in\u00edcio a mais um ano letivo da nossa Universidade S\u00e9nior, o 6.\u00ba ano de atividade. Tendo como oferta um leque composto por 19 disciplinas (Inform\u00e1tica, Ci\u00eancias da Terra Meteorologia e Clima, Psicologia, Xadrez e Amigos, Frioleiras, Bordados da Madeira, Bilros, Hist\u00f3ria, Direito, Economia, Sa\u00fade e Qualidade de Vida, Educa\u00e7\u00e3o para os Direitos Humanos, Mente Viva, Teatro, Ci\u00eancia e Vida \u2013 Bot\u00e2nica, M\u00fasica, Franc\u00eas, Espanhol e Literatura) o ano iniciou com um total de 205 alunos e alunas. No entanto sabemos que mais se juntar\u00e3o a esta grande fam\u00edlia, uma vez que as tr\u00eas disciplinas de bordados s\u00f3 iniciam no pr\u00f3ximo m\u00eas de Janeiro.<\/p>\n<p>O\u00a0balan\u00e7o que de momento nos apraz fazer \u00e9 bastante positivo, pois conseguimos elencar seis novas disciplinas, na sua grande maioria nunca antes integradas nesta universidade e continuamos a ter mais de 200 homens e mulheres s\u00e3o-brasenses, com 55 ou mais anos interessados em frequentar a nossa Universidade.<\/p>\n","protected":false},"excerpt":{"rendered":"<p>No dia 3 de Novembro de 2014 deu-se in\u00edcio a mais um ano letivo da nossa Universidade S\u00e9nior, o 6.\u00ba ano de atividade. Tendo como oferta um leque composto por 19 disciplinas (Inform\u00e1tica, Ci\u00eancias da Terra Meteorologia e Clima, Psicologia, Xadrez e Amigos, Frioleiras, Bordados da Madeira, Bilros, Hist\u00f3ria, Direito, Economia, Sa\u00fade e Qualidade de &hellip; <a href=\"https:\/\/jf-sbrasalportel.pt\/jfsba\/universidade-senior-sessao-de-abertura-do-ano-letivo-20142015\/\" class=\"more-link\">Continuar a ler<span class=\"screen-reader-text\">Universidade S\u00e9nior &#8211; Sess\u00e3o de Abertura do Ano Letivo 2014\/2015<\/span> <span class=\"meta-nav\">&rarr;<\/span><\/a><\/p>\n","protected":false},"author":5,"featured_media":0,"comment_status":"closed","ping_status":"closed","sticky":false,"template":"","format":"standard","meta":{"_monsterinsights_skip_tracking":false,"_monsterinsights_sitenote_active":false,"_monsterinsights_sitenote_note":"","_monsterinsights_sitenote_category":0,"ngg_post_thumbnail":0,"footnotes":""},"categories":[1],"tags":[],"class_list":["post-774","post","type-post","status-publish","format-standard","hentry","category-noticias"],"yoast_head":"<!-- This site is optimized with the Yoast SEO plugin v27.5 - https:\/\/yoast.com\/product\/yoast-seo-wordpress\/ -->\n<title>Universidade S\u00e9nior - Sess\u00e3o de Abertura do Ano Letivo 2014\/2015 - Junta de Freguesia de S\u00e3o Br\u00e1s de Alportel<\/title>\n<meta name=\"robots\" content=\"index, follow, max-snippet:-1, max-image-preview:large, max-video-preview:-1\" \/>\n<link rel=\"canonical\" href=\"https:\/\/jf-sbrasalportel.pt\/jfsba\/universidade-senior-sessao-de-abertura-do-ano-letivo-20142015\/\" \/>\n<meta property=\"og:locale\" content=\"pt_PT\" \/>\n<meta property=\"og:type\" content=\"article\" \/>\n<meta property=\"og:title\" content=\"Universidade S\u00e9nior - Sess\u00e3o de Abertura do Ano Letivo 2014\/2015 - Junta de Freguesia de S\u00e3o Br\u00e1s de Alportel\" \/>\n<meta property=\"og:description\" content=\"No dia 3 de Novembro de 2014 deu-se in\u00edcio a mais um ano letivo da nossa Universidade S\u00e9nior, o 6.\u00ba ano de atividade. Tendo como oferta um leque composto por 19 disciplinas (Inform\u00e1tica, Ci\u00eancias da Terra Meteorologia e Clima, Psicologia, Xadrez e Amigos, Frioleiras, Bordados da Madeira, Bilros, Hist\u00f3ria, Direito, Economia, Sa\u00fade e Qualidade de &hellip; Continuar a lerUniversidade S\u00e9nior &#8211; Sess\u00e3o de Abertura do Ano Letivo 2014\/2015 &rarr;\" \/>\n<meta property=\"og:url\" content=\"https:\/\/jf-sbrasalportel.pt\/jfsba\/universidade-senior-sessao-de-abertura-do-ano-letivo-20142015\/\" \/>\n<meta property=\"og:site_name\" content=\"Junta de Freguesia de S\u00e3o Br\u00e1s de Alportel\" \/>\n<meta property=\"article:published_time\" content=\"2014-09-17T10:26:12+00:00\" \/>\n<meta property=\"article:modified_time\" content=\"2015-01-19T13:29:22+00:00\" \/>\n<meta property=\"og:image\" content=\"http:\/\/jf-sbrasalportel.pt\/jf\/wp-content\/uploads\/2014\/05\/Universidade_S\u00e9nior_SBA.png\" \/>\n<meta name=\"author\" content=\"Editor04\" \/>\n<meta name=\"twitter:card\" content=\"summary_large_image\" \/>\n<meta name=\"twitter:label1\" content=\"Escrito por\" \/>\n\t<meta name=\"twitter:data1\" content=\"Editor04\" \/>\n\t<meta name=\"twitter:label2\" content=\"Tempo estimado de leitura\" \/>\n\t<meta name=\"twitter:data2\" content=\"1 minuto\" \/>\n<script type=\"application\/ld+json\" class=\"yoast-schema-graph\">{\"@context\":\"https:\\\/\\\/schema.org\",\"@graph\":[{\"@type\":\"Article\",\"@id\":\"https:\\\/\\\/jf-sbrasalportel.pt\\\/jfsba\\\/universidade-senior-sessao-de-abertura-do-ano-letivo-20142015\\\/#article\",\"isPartOf\":{\"@id\":\"https:\\\/\\\/jf-sbrasalportel.pt\\\/jfsba\\\/universidade-senior-sessao-de-abertura-do-ano-letivo-20142015\\\/\"},\"author\":{\"name\":\"Editor04\",\"@id\":\"https:\\\/\\\/jf-sbrasalportel.pt\\\/jfsba\\\/#\\\/schema\\\/person\\\/aae6dbe13cd561fbcfe4ef6e0d15f912\"},\"headline\":\"Universidade S\u00e9nior &#8211; Sess\u00e3o de Abertura do Ano Letivo 2014\\\/2015\",\"datePublished\":\"2014-09-17T10:26:12+00:00\",\"dateModified\":\"2015-01-19T13:29:22+00:00\",\"mainEntityOfPage\":{\"@id\":\"https:\\\/\\\/jf-sbrasalportel.pt\\\/jfsba\\\/universidade-senior-sessao-de-abertura-do-ano-letivo-20142015\\\/\"},\"wordCount\":179,\"articleSection\":[\"Not\u00edcias e Eventos\"],\"inLanguage\":\"pt-PT\"},{\"@type\":\"WebPage\",\"@id\":\"https:\\\/\\\/jf-sbrasalportel.pt\\\/jfsba\\\/universidade-senior-sessao-de-abertura-do-ano-letivo-20142015\\\/\",\"url\":\"https:\\\/\\\/jf-sbrasalportel.pt\\\/jfsba\\\/universidade-senior-sessao-de-abertura-do-ano-letivo-20142015\\\/\",\"name\":\"Universidade S\u00e9nior - Sess\u00e3o de Abertura do Ano Letivo 2014\\\/2015 - Junta de Freguesia de S\u00e3o Br\u00e1s de Alportel\",\"isPartOf\":{\"@id\":\"https:\\\/\\\/jf-sbrasalportel.pt\\\/jfsba\\\/#website\"},\"datePublished\":\"2014-09-17T10:26:12+00:00\",\"dateModified\":\"2015-01-19T13:29:22+00:00\",\"author\":{\"@id\":\"https:\\\/\\\/jf-sbrasalportel.pt\\\/jfsba\\\/#\\\/schema\\\/person\\\/aae6dbe13cd561fbcfe4ef6e0d15f912\"},\"breadcrumb\":{\"@id\":\"https:\\\/\\\/jf-sbrasalportel.pt\\\/jfsba\\\/universidade-senior-sessao-de-abertura-do-ano-letivo-20142015\\\/#breadcrumb\"},\"inLanguage\":\"pt-PT\",\"potentialAction\":[{\"@type\":\"ReadAction\",\"target\":[\"https:\\\/\\\/jf-sbrasalportel.pt\\\/jfsba\\\/universidade-senior-sessao-de-abertura-do-ano-letivo-20142015\\\/\"]}]},{\"@type\":\"BreadcrumbList\",\"@id\":\"https:\\\/\\\/jf-sbrasalportel.pt\\\/jfsba\\\/universidade-senior-sessao-de-abertura-do-ano-letivo-20142015\\\/#breadcrumb\",\"itemListElement\":[{\"@type\":\"ListItem\",\"position\":1,\"name\":\"In\u00edcio\",\"item\":\"https:\\\/\\\/jf-sbrasalportel.pt\\\/jfsba\\\/\"},{\"@type\":\"ListItem\",\"position\":2,\"name\":\"Universidade S\u00e9nior &#8211; Sess\u00e3o de Abertura do Ano Letivo 2014\\\/2015\"}]},{\"@type\":\"WebSite\",\"@id\":\"https:\\\/\\\/jf-sbrasalportel.pt\\\/jfsba\\\/#website\",\"url\":\"https:\\\/\\\/jf-sbrasalportel.pt\\\/jfsba\\\/\",\"name\":\"Junta de Freguesia de S\u00e3o Br\u00e1s de Alportel\",\"description\":\"Site institucional da Freguesia de S\u00e3o Br\u00e1s de Alportel\",\"potentialAction\":[{\"@type\":\"SearchAction\",\"target\":{\"@type\":\"EntryPoint\",\"urlTemplate\":\"https:\\\/\\\/jf-sbrasalportel.pt\\\/jfsba\\\/?s={search_term_string}\"},\"query-input\":{\"@type\":\"PropertyValueSpecification\",\"valueRequired\":true,\"valueName\":\"search_term_string\"}}],\"inLanguage\":\"pt-PT\"},{\"@type\":\"Person\",\"@id\":\"https:\\\/\\\/jf-sbrasalportel.pt\\\/jfsba\\\/#\\\/schema\\\/person\\\/aae6dbe13cd561fbcfe4ef6e0d15f912\",\"name\":\"Editor04\",\"image\":{\"@type\":\"ImageObject\",\"inLanguage\":\"pt-PT\",\"@id\":\"https:\\\/\\\/secure.gravatar.com\\\/avatar\\\/e22270f88c39cf1ef268804b111eff4a40e9d271f0afc1230a6fef1201831353?s=96&d=mm&r=g\",\"url\":\"https:\\\/\\\/secure.gravatar.com\\\/avatar\\\/e22270f88c39cf1ef268804b111eff4a40e9d271f0afc1230a6fef1201831353?s=96&d=mm&r=g\",\"contentUrl\":\"https:\\\/\\\/secure.gravatar.com\\\/avatar\\\/e22270f88c39cf1ef268804b111eff4a40e9d271f0afc1230a6fef1201831353?s=96&d=mm&r=g\",\"caption\":\"Editor04\"},\"url\":\"https:\\\/\\\/jf-sbrasalportel.pt\\\/jfsba\\\/author\\\/lia\\\/\"}]}<\/script>\n<!-- \/ Yoast SEO plugin. -->","yoast_head_json":{"title":"Universidade S\u00e9nior - Sess\u00e3o de Abertura do Ano Letivo 2014\/2015 - Junta de Freguesia de S\u00e3o Br\u00e1s de Alportel","robots":{"index":"index","follow":"follow","max-snippet":"max-snippet:-1","max-image-preview":"max-image-preview:large","max-video-preview":"max-video-preview:-1"},"canonical":"https:\/\/jf-sbrasalportel.pt\/jfsba\/universidade-senior-sessao-de-abertura-do-ano-letivo-20142015\/","og_locale":"pt_PT","og_type":"article","og_title":"Universidade S\u00e9nior - Sess\u00e3o de Abertura do Ano Letivo 2014\/2015 - Junta de Freguesia de S\u00e3o Br\u00e1s de Alportel","og_description":"No dia 3 de Novembro de 2014 deu-se in\u00edcio a mais um ano letivo da nossa Universidade S\u00e9nior, o 6.\u00ba ano de atividade. Tendo como oferta um leque composto por 19 disciplinas (Inform\u00e1tica, Ci\u00eancias da Terra Meteorologia e Clima, Psicologia, Xadrez e Amigos, Frioleiras, Bordados da Madeira, Bilros, Hist\u00f3ria, Direito, Economia, Sa\u00fade e Qualidade de &hellip; Continuar a lerUniversidade S\u00e9nior &#8211; Sess\u00e3o de Abertura do Ano Letivo 2014\/2015 &rarr;","og_url":"https:\/\/jf-sbrasalportel.pt\/jfsba\/universidade-senior-sessao-de-abertura-do-ano-letivo-20142015\/","og_site_name":"Junta de Freguesia de S\u00e3o Br\u00e1s de Alportel","article_published_time":"2014-09-17T10:26:12+00:00","article_modified_time":"2015-01-19T13:29:22+00:00","og_image":[{"url":"http:\/\/jf-sbrasalportel.pt\/jf\/wp-content\/uploads\/2014\/05\/Universidade_S\u00e9nior_SBA.png","type":"","width":"","height":""}],"author":"Editor04","twitter_card":"summary_large_image","twitter_misc":{"Escrito por":"Editor04","Tempo estimado de leitura":"1 minuto"},"schema":{"@context":"https:\/\/schema.org","@graph":[{"@type":"Article","@id":"https:\/\/jf-sbrasalportel.pt\/jfsba\/universidade-senior-sessao-de-abertura-do-ano-letivo-20142015\/#article","isPartOf":{"@id":"https:\/\/jf-sbrasalportel.pt\/jfsba\/universidade-senior-sessao-de-abertura-do-ano-letivo-20142015\/"},"author":{"name":"Editor04","@id":"https:\/\/jf-sbrasalportel.pt\/jfsba\/#\/schema\/person\/aae6dbe13cd561fbcfe4ef6e0d15f912"},"headline":"Universidade S\u00e9nior &#8211; Sess\u00e3o de Abertura do Ano Letivo 2014\/2015","datePublished":"2014-09-17T10:26:12+00:00","dateModified":"2015-01-19T13:29:22+00:00","mainEntityOfPage":{"@id":"https:\/\/jf-sbrasalportel.pt\/jfsba\/universidade-senior-sessao-de-abertura-do-ano-letivo-20142015\/"},"wordCount":179,"articleSection":["Not\u00edcias e Eventos"],"inLanguage":"pt-PT"},{"@type":"WebPage","@id":"https:\/\/jf-sbrasalportel.pt\/jfsba\/universidade-senior-sessao-de-abertura-do-ano-letivo-20142015\/","url":"https:\/\/jf-sbrasalportel.pt\/jfsba\/universidade-senior-sessao-de-abertura-do-ano-letivo-20142015\/","name":"Universidade S\u00e9nior - Sess\u00e3o de Abertura do Ano Letivo 2014\/2015 - Junta de Freguesia de S\u00e3o Br\u00e1s de Alportel","isPartOf":{"@id":"https:\/\/jf-sbrasalportel.pt\/jfsba\/#website"},"datePublished":"2014-09-17T10:26:12+00:00","dateModified":"2015-01-19T13:29:22+00:00","author":{"@id":"https:\/\/jf-sbrasalportel.pt\/jfsba\/#\/schema\/person\/aae6dbe13cd561fbcfe4ef6e0d15f912"},"breadcrumb":{"@id":"https:\/\/jf-sbrasalportel.pt\/jfsba\/universidade-senior-sessao-de-abertura-do-ano-letivo-20142015\/#breadcrumb"},"inLanguage":"pt-PT","potentialAction":[{"@type":"ReadAction","target":["https:\/\/jf-sbrasalportel.pt\/jfsba\/universidade-senior-sessao-de-abertura-do-ano-letivo-20142015\/"]}]},{"@type":"BreadcrumbList","@id":"https:\/\/jf-sbrasalportel.pt\/jfsba\/universidade-senior-sessao-de-abertura-do-ano-letivo-20142015\/#breadcrumb","itemListElement":[{"@type":"ListItem","position":1,"name":"In\u00edcio","item":"https:\/\/jf-sbrasalportel.pt\/jfsba\/"},{"@type":"ListItem","position":2,"name":"Universidade S\u00e9nior &#8211; Sess\u00e3o de Abertura do Ano Letivo 2014\/2015"}]},{"@type":"WebSite","@id":"https:\/\/jf-sbrasalportel.pt\/jfsba\/#website","url":"https:\/\/jf-sbrasalportel.pt\/jfsba\/","name":"Junta de Freguesia de S\u00e3o Br\u00e1s de Alportel","description":"Site institucional da Freguesia de S\u00e3o Br\u00e1s de Alportel","potentialAction":[{"@type":"SearchAction","target":{"@type":"EntryPoint","urlTemplate":"https:\/\/jf-sbrasalportel.pt\/jfsba\/?s={search_term_string}"},"query-input":{"@type":"PropertyValueSpecification","valueRequired":true,"valueName":"search_term_string"}}],"inLanguage":"pt-PT"},{"@type":"Person","@id":"https:\/\/jf-sbrasalportel.pt\/jfsba\/#\/schema\/person\/aae6dbe13cd561fbcfe4ef6e0d15f912","name":"Editor04","image":{"@type":"ImageObject","inLanguage":"pt-PT","@id":"https:\/\/secure.gravatar.com\/avatar\/e22270f88c39cf1ef268804b111eff4a40e9d271f0afc1230a6fef1201831353?s=96&d=mm&r=g","url":"https:\/\/secure.gravatar.com\/avatar\/e22270f88c39cf1ef268804b111eff4a40e9d271f0afc1230a6fef1201831353?s=96&d=mm&r=g","contentUrl":"https:\/\/secure.gravatar.com\/avatar\/e22270f88c39cf1ef268804b111eff4a40e9d271f0afc1230a6fef1201831353?s=96&d=mm&r=g","caption":"Editor04"},"url":"https:\/\/jf-sbrasalportel.pt\/jfsba\/author\/lia\/"}]}},"_links":{"self":[{"href":"https:\/\/jf-sbrasalportel.pt\/jfsba\/wp-json\/wp\/v2\/posts\/774","targetHints":{"allow":["GET"]}}],"collection":[{"href":"https:\/\/jf-sbrasalportel.pt\/jfsba\/wp-json\/wp\/v2\/posts"}],"about":[{"href":"https:\/\/jf-sbrasalportel.pt\/jfsba\/wp-json\/wp\/v2\/types\/post"}],"author":[{"embeddable":true,"href":"https:\/\/jf-sbrasalportel.pt\/jfsba\/wp-json\/wp\/v2\/users\/5"}],"replies":[{"embeddable":true,"href":"https:\/\/jf-sbrasalportel.pt\/jfsba\/wp-json\/wp\/v2\/comments?post=774"}],"version-history":[{"count":2,"href":"https:\/\/jf-sbrasalportel.pt\/jfsba\/wp-json\/wp\/v2\/posts\/774\/revisions"}],"predecessor-version":[{"id":1088,"href":"https:\/\/jf-sbrasalportel.pt\/jfsba\/wp-json\/wp\/v2\/posts\/774\/revisions\/1088"}],"wp:attachment":[{"href":"https:\/\/jf-sbrasalportel.pt\/jfsba\/wp-json\/wp\/v2\/media?parent=774"}],"wp:term":[{"taxonomy":"category","embeddable":true,"href":"https:\/\/jf-sbrasalportel.pt\/jfsba\/wp-json\/wp\/v2\/categories?post=774"},{"taxonomy":"post_tag","embeddable":true,"href":"https:\/\/jf-sbrasalportel.pt\/jfsba\/wp-json\/wp\/v2\/tags?post=774"}],"curies":[{"name":"wp","href":"https:\/\/api.w.org\/{rel}","templated":true}]}}