{"id":4856,"date":"2024-12-23T17:21:48","date_gmt":"2024-12-23T17:21:48","guid":{"rendered":"https:\/\/jf-sbrasalportel.pt\/jfsba\/?p=4856"},"modified":"2025-11-11T14:03:33","modified_gmt":"2025-11-11T14:03:33","slug":"rascunho-automatico","status":"publish","type":"post","link":"https:\/\/jf-sbrasalportel.pt\/jfsba\/rascunho-automatico\/","title":{"rendered":"Mensagem de Boas Festas"},"content":{"rendered":"\n<p><\/p>\n\n\n\n<figure class=\"wp-block-gallery has-nested-images columns-default is-cropped wp-block-gallery-1 is-layout-flex wp-block-gallery-is-layout-flex\">\n<figure class=\"wp-block-image size-large\"><a href=\"https:\/\/jf-sbrasalportel.pt\/jfsba\/wp-content\/uploads\/2022\/12\/presidente-foto-2.jpg\"><img loading=\"lazy\" decoding=\"async\" width=\"768\" height=\"1024\" data-id=\"4134\" src=\"https:\/\/jf-sbrasalportel.pt\/jfsba\/wp-content\/uploads\/2022\/12\/presidente-foto-2-768x1024.jpg\" alt=\"\" class=\"wp-image-4134\" srcset=\"https:\/\/jf-sbrasalportel.pt\/jfsba\/wp-content\/uploads\/2022\/12\/presidente-foto-2-768x1024.jpg 768w, https:\/\/jf-sbrasalportel.pt\/jfsba\/wp-content\/uploads\/2022\/12\/presidente-foto-2-225x300.jpg 225w, https:\/\/jf-sbrasalportel.pt\/jfsba\/wp-content\/uploads\/2022\/12\/presidente-foto-2.jpg 960w\" sizes=\"auto, (max-width: 768px) 100vw, 768px\" \/><\/a><\/figure>\n<\/figure>\n\n\n\n<p>O Executivo da Junta de Freguesia de S\u00e3o Br\u00e1s de Alportel, deseja umas Boas Festas e um Feliz Ano Novo, aos Alunos e Professores dos Projetos de Gin\u00e1stica S\u00e9nior<\/p>\n\n\n\n<p>Agradecemos o empenho e a participa\u00e7\u00e3o ass\u00eddua de todos, numa atividade pensada para a popula\u00e7\u00e3o s\u00e9nior da nossa freguesia, \u00e9 essencial continuar a promover um estilo de vida mais ativo e saud\u00e1vel.<\/p>\n\n\n\n<p class=\"has-text-align-center\">A gin\u00e1stica s\u00e9nior \u00e9 um projeto que a Junta disponibiliza com orgulho, ajudando a melhorar o bem-estar f\u00edsico e mental de todos.<\/p>\n\n\n\n<p class=\"has-text-align-center\">O trabalho e a dedica\u00e7\u00e3o deste grupo s\u00e3o uma inspira\u00e7\u00e3o, e mostram como \u00e9 poss\u00edvel manter h\u00e1bitos saud\u00e1veis e um esp\u00edrito de uni\u00e3o.<\/p>\n\n\n\n<p class=\"has-text-align-center\">A Junta de Freguesia agradece a confian\u00e7a e o entusiasmo de todos os participantes, continuaremos a apostar em iniciativas que contribuam para a qualidade de vida de todos.<\/p>\n\n\n\n<p class=\"has-text-align-center\">Deixamos os nossos votos de um Feliz Natal e de um Ano Novo de 2025 cheio de sa\u00fade e alegria!<\/p>\n","protected":false},"excerpt":{"rendered":"<p>O Executivo da Junta de Freguesia de S\u00e3o Br\u00e1s de Alportel, deseja umas Boas Festas e um Feliz Ano Novo, aos Alunos e Professores dos Projetos de Gin\u00e1stica S\u00e9nior Agradecemos o empenho e a participa\u00e7\u00e3o ass\u00eddua de todos, numa atividade pensada para a popula\u00e7\u00e3o s\u00e9nior da nossa freguesia, \u00e9 essencial continuar a promover um estilo &hellip; <a href=\"https:\/\/jf-sbrasalportel.pt\/jfsba\/rascunho-automatico\/\" class=\"more-link\">Continuar a ler<span class=\"screen-reader-text\">Mensagem de Boas Festas<\/span> <span class=\"meta-nav\">&rarr;<\/span><\/a><\/p>\n","protected":false},"author":2,"featured_media":0,"comment_status":"closed","ping_status":"closed","sticky":false,"template":"","format":"standard","meta":{"_monsterinsights_skip_tracking":false,"_monsterinsights_sitenote_active":false,"_monsterinsights_sitenote_note":"","_monsterinsights_sitenote_category":0,"ngg_post_thumbnail":0,"footnotes":""},"categories":[1],"tags":[],"class_list":["post-4856","post","type-post","status-publish","format-standard","hentry","category-noticias"],"yoast_head":"<!-- This site is optimized with the Yoast SEO plugin v27.5 - https:\/\/yoast.com\/product\/yoast-seo-wordpress\/ -->\n<title>Mensagem de Boas Festas - Junta de Freguesia de S\u00e3o Br\u00e1s de Alportel<\/title>\n<meta name=\"robots\" content=\"index, follow, max-snippet:-1, max-image-preview:large, max-video-preview:-1\" \/>\n<link rel=\"canonical\" href=\"https:\/\/jf-sbrasalportel.pt\/jfsba\/rascunho-automatico\/\" \/>\n<meta property=\"og:locale\" content=\"pt_PT\" \/>\n<meta property=\"og:type\" content=\"article\" \/>\n<meta property=\"og:title\" content=\"Mensagem de Boas Festas - Junta de Freguesia de S\u00e3o Br\u00e1s de Alportel\" \/>\n<meta property=\"og:description\" content=\"O Executivo da Junta de Freguesia de S\u00e3o Br\u00e1s de Alportel, deseja umas Boas Festas e um Feliz Ano Novo, aos Alunos e Professores dos Projetos de Gin\u00e1stica S\u00e9nior Agradecemos o empenho e a participa\u00e7\u00e3o ass\u00eddua de todos, numa atividade pensada para a popula\u00e7\u00e3o s\u00e9nior da nossa freguesia, \u00e9 essencial continuar a promover um estilo &hellip; Continuar a lerMensagem de Boas Festas &rarr;\" \/>\n<meta property=\"og:url\" content=\"https:\/\/jf-sbrasalportel.pt\/jfsba\/rascunho-automatico\/\" \/>\n<meta property=\"og:site_name\" content=\"Junta de Freguesia de S\u00e3o Br\u00e1s de Alportel\" \/>\n<meta property=\"article:published_time\" content=\"2024-12-23T17:21:48+00:00\" \/>\n<meta property=\"article:modified_time\" content=\"2025-11-11T14:03:33+00:00\" \/>\n<meta property=\"og:image\" content=\"https:\/\/jf-sbrasalportel.pt\/jfsba\/wp-content\/uploads\/2022\/12\/presidente-foto-2-768x1024.jpg\" \/>\n<meta name=\"author\" content=\"Editor03\" \/>\n<meta name=\"twitter:card\" content=\"summary_large_image\" \/>\n<meta name=\"twitter:label1\" content=\"Escrito por\" \/>\n\t<meta name=\"twitter:data1\" content=\"Editor03\" \/>\n\t<meta name=\"twitter:label2\" content=\"Tempo estimado de leitura\" \/>\n\t<meta name=\"twitter:data2\" content=\"2 minutos\" \/>\n<script type=\"application\/ld+json\" class=\"yoast-schema-graph\">{\"@context\":\"https:\\\/\\\/schema.org\",\"@graph\":[{\"@type\":\"Article\",\"@id\":\"https:\\\/\\\/jf-sbrasalportel.pt\\\/jfsba\\\/rascunho-automatico\\\/#article\",\"isPartOf\":{\"@id\":\"https:\\\/\\\/jf-sbrasalportel.pt\\\/jfsba\\\/rascunho-automatico\\\/\"},\"author\":{\"name\":\"Editor03\",\"@id\":\"https:\\\/\\\/jf-sbrasalportel.pt\\\/jfsba\\\/#\\\/schema\\\/person\\\/5aaac60e83bbe2f62e12ce5a829a45bf\"},\"headline\":\"Mensagem de Boas Festas\",\"datePublished\":\"2024-12-23T17:21:48+00:00\",\"dateModified\":\"2025-11-11T14:03:33+00:00\",\"mainEntityOfPage\":{\"@id\":\"https:\\\/\\\/jf-sbrasalportel.pt\\\/jfsba\\\/rascunho-automatico\\\/\"},\"wordCount\":176,\"image\":{\"@id\":\"https:\\\/\\\/jf-sbrasalportel.pt\\\/jfsba\\\/rascunho-automatico\\\/#primaryimage\"},\"thumbnailUrl\":\"https:\\\/\\\/jf-sbrasalportel.pt\\\/jfsba\\\/wp-content\\\/uploads\\\/2022\\\/12\\\/presidente-foto-2-768x1024.jpg\",\"articleSection\":[\"Not\u00edcias e Eventos\"],\"inLanguage\":\"pt-PT\"},{\"@type\":\"WebPage\",\"@id\":\"https:\\\/\\\/jf-sbrasalportel.pt\\\/jfsba\\\/rascunho-automatico\\\/\",\"url\":\"https:\\\/\\\/jf-sbrasalportel.pt\\\/jfsba\\\/rascunho-automatico\\\/\",\"name\":\"Mensagem de Boas Festas - Junta de Freguesia de S\u00e3o Br\u00e1s de Alportel\",\"isPartOf\":{\"@id\":\"https:\\\/\\\/jf-sbrasalportel.pt\\\/jfsba\\\/#website\"},\"primaryImageOfPage\":{\"@id\":\"https:\\\/\\\/jf-sbrasalportel.pt\\\/jfsba\\\/rascunho-automatico\\\/#primaryimage\"},\"image\":{\"@id\":\"https:\\\/\\\/jf-sbrasalportel.pt\\\/jfsba\\\/rascunho-automatico\\\/#primaryimage\"},\"thumbnailUrl\":\"https:\\\/\\\/jf-sbrasalportel.pt\\\/jfsba\\\/wp-content\\\/uploads\\\/2022\\\/12\\\/presidente-foto-2-768x1024.jpg\",\"datePublished\":\"2024-12-23T17:21:48+00:00\",\"dateModified\":\"2025-11-11T14:03:33+00:00\",\"author\":{\"@id\":\"https:\\\/\\\/jf-sbrasalportel.pt\\\/jfsba\\\/#\\\/schema\\\/person\\\/5aaac60e83bbe2f62e12ce5a829a45bf\"},\"breadcrumb\":{\"@id\":\"https:\\\/\\\/jf-sbrasalportel.pt\\\/jfsba\\\/rascunho-automatico\\\/#breadcrumb\"},\"inLanguage\":\"pt-PT\",\"potentialAction\":[{\"@type\":\"ReadAction\",\"target\":[\"https:\\\/\\\/jf-sbrasalportel.pt\\\/jfsba\\\/rascunho-automatico\\\/\"]}]},{\"@type\":\"ImageObject\",\"inLanguage\":\"pt-PT\",\"@id\":\"https:\\\/\\\/jf-sbrasalportel.pt\\\/jfsba\\\/rascunho-automatico\\\/#primaryimage\",\"url\":\"https:\\\/\\\/jf-sbrasalportel.pt\\\/jfsba\\\/wp-content\\\/uploads\\\/2022\\\/12\\\/presidente-foto-2.jpg\",\"contentUrl\":\"https:\\\/\\\/jf-sbrasalportel.pt\\\/jfsba\\\/wp-content\\\/uploads\\\/2022\\\/12\\\/presidente-foto-2.jpg\",\"width\":960,\"height\":1280},{\"@type\":\"BreadcrumbList\",\"@id\":\"https:\\\/\\\/jf-sbrasalportel.pt\\\/jfsba\\\/rascunho-automatico\\\/#breadcrumb\",\"itemListElement\":[{\"@type\":\"ListItem\",\"position\":1,\"name\":\"In\u00edcio\",\"item\":\"https:\\\/\\\/jf-sbrasalportel.pt\\\/jfsba\\\/\"},{\"@type\":\"ListItem\",\"position\":2,\"name\":\"Mensagem de Boas Festas\"}]},{\"@type\":\"WebSite\",\"@id\":\"https:\\\/\\\/jf-sbrasalportel.pt\\\/jfsba\\\/#website\",\"url\":\"https:\\\/\\\/jf-sbrasalportel.pt\\\/jfsba\\\/\",\"name\":\"Junta de Freguesia de S\u00e3o Br\u00e1s de Alportel\",\"description\":\"Site institucional da Freguesia de S\u00e3o Br\u00e1s de Alportel\",\"potentialAction\":[{\"@type\":\"SearchAction\",\"target\":{\"@type\":\"EntryPoint\",\"urlTemplate\":\"https:\\\/\\\/jf-sbrasalportel.pt\\\/jfsba\\\/?s={search_term_string}\"},\"query-input\":{\"@type\":\"PropertyValueSpecification\",\"valueRequired\":true,\"valueName\":\"search_term_string\"}}],\"inLanguage\":\"pt-PT\"},{\"@type\":\"Person\",\"@id\":\"https:\\\/\\\/jf-sbrasalportel.pt\\\/jfsba\\\/#\\\/schema\\\/person\\\/5aaac60e83bbe2f62e12ce5a829a45bf\",\"name\":\"Editor03\",\"image\":{\"@type\":\"ImageObject\",\"inLanguage\":\"pt-PT\",\"@id\":\"https:\\\/\\\/secure.gravatar.com\\\/avatar\\\/166bbaed3d176f7dbf0d14e0a9dc46d9d86c16c02268ff481c0c3fba1a84f3e2?s=96&d=mm&r=g\",\"url\":\"https:\\\/\\\/secure.gravatar.com\\\/avatar\\\/166bbaed3d176f7dbf0d14e0a9dc46d9d86c16c02268ff481c0c3fba1a84f3e2?s=96&d=mm&r=g\",\"contentUrl\":\"https:\\\/\\\/secure.gravatar.com\\\/avatar\\\/166bbaed3d176f7dbf0d14e0a9dc46d9d86c16c02268ff481c0c3fba1a84f3e2?s=96&d=mm&r=g\",\"caption\":\"Editor03\"},\"url\":\"https:\\\/\\\/jf-sbrasalportel.pt\\\/jfsba\\\/author\\\/mafalda\\\/\"}]}<\/script>\n<!-- \/ Yoast SEO plugin. -->","yoast_head_json":{"title":"Mensagem de Boas Festas - Junta de Freguesia de S\u00e3o Br\u00e1s de Alportel","robots":{"index":"index","follow":"follow","max-snippet":"max-snippet:-1","max-image-preview":"max-image-preview:large","max-video-preview":"max-video-preview:-1"},"canonical":"https:\/\/jf-sbrasalportel.pt\/jfsba\/rascunho-automatico\/","og_locale":"pt_PT","og_type":"article","og_title":"Mensagem de Boas Festas - Junta de Freguesia de S\u00e3o Br\u00e1s de Alportel","og_description":"O Executivo da Junta de Freguesia de S\u00e3o Br\u00e1s de Alportel, deseja umas Boas Festas e um Feliz Ano Novo, aos Alunos e Professores dos Projetos de Gin\u00e1stica S\u00e9nior Agradecemos o empenho e a participa\u00e7\u00e3o ass\u00eddua de todos, numa atividade pensada para a popula\u00e7\u00e3o s\u00e9nior da nossa freguesia, \u00e9 essencial continuar a promover um estilo &hellip; Continuar a lerMensagem de Boas Festas &rarr;","og_url":"https:\/\/jf-sbrasalportel.pt\/jfsba\/rascunho-automatico\/","og_site_name":"Junta de Freguesia de S\u00e3o Br\u00e1s de Alportel","article_published_time":"2024-12-23T17:21:48+00:00","article_modified_time":"2025-11-11T14:03:33+00:00","og_image":[{"url":"https:\/\/jf-sbrasalportel.pt\/jfsba\/wp-content\/uploads\/2022\/12\/presidente-foto-2-768x1024.jpg","type":"","width":"","height":""}],"author":"Editor03","twitter_card":"summary_large_image","twitter_misc":{"Escrito por":"Editor03","Tempo estimado de leitura":"2 minutos"},"schema":{"@context":"https:\/\/schema.org","@graph":[{"@type":"Article","@id":"https:\/\/jf-sbrasalportel.pt\/jfsba\/rascunho-automatico\/#article","isPartOf":{"@id":"https:\/\/jf-sbrasalportel.pt\/jfsba\/rascunho-automatico\/"},"author":{"name":"Editor03","@id":"https:\/\/jf-sbrasalportel.pt\/jfsba\/#\/schema\/person\/5aaac60e83bbe2f62e12ce5a829a45bf"},"headline":"Mensagem de Boas Festas","datePublished":"2024-12-23T17:21:48+00:00","dateModified":"2025-11-11T14:03:33+00:00","mainEntityOfPage":{"@id":"https:\/\/jf-sbrasalportel.pt\/jfsba\/rascunho-automatico\/"},"wordCount":176,"image":{"@id":"https:\/\/jf-sbrasalportel.pt\/jfsba\/rascunho-automatico\/#primaryimage"},"thumbnailUrl":"https:\/\/jf-sbrasalportel.pt\/jfsba\/wp-content\/uploads\/2022\/12\/presidente-foto-2-768x1024.jpg","articleSection":["Not\u00edcias e Eventos"],"inLanguage":"pt-PT"},{"@type":"WebPage","@id":"https:\/\/jf-sbrasalportel.pt\/jfsba\/rascunho-automatico\/","url":"https:\/\/jf-sbrasalportel.pt\/jfsba\/rascunho-automatico\/","name":"Mensagem de Boas Festas - Junta de Freguesia de S\u00e3o Br\u00e1s de Alportel","isPartOf":{"@id":"https:\/\/jf-sbrasalportel.pt\/jfsba\/#website"},"primaryImageOfPage":{"@id":"https:\/\/jf-sbrasalportel.pt\/jfsba\/rascunho-automatico\/#primaryimage"},"image":{"@id":"https:\/\/jf-sbrasalportel.pt\/jfsba\/rascunho-automatico\/#primaryimage"},"thumbnailUrl":"https:\/\/jf-sbrasalportel.pt\/jfsba\/wp-content\/uploads\/2022\/12\/presidente-foto-2-768x1024.jpg","datePublished":"2024-12-23T17:21:48+00:00","dateModified":"2025-11-11T14:03:33+00:00","author":{"@id":"https:\/\/jf-sbrasalportel.pt\/jfsba\/#\/schema\/person\/5aaac60e83bbe2f62e12ce5a829a45bf"},"breadcrumb":{"@id":"https:\/\/jf-sbrasalportel.pt\/jfsba\/rascunho-automatico\/#breadcrumb"},"inLanguage":"pt-PT","potentialAction":[{"@type":"ReadAction","target":["https:\/\/jf-sbrasalportel.pt\/jfsba\/rascunho-automatico\/"]}]},{"@type":"ImageObject","inLanguage":"pt-PT","@id":"https:\/\/jf-sbrasalportel.pt\/jfsba\/rascunho-automatico\/#primaryimage","url":"https:\/\/jf-sbrasalportel.pt\/jfsba\/wp-content\/uploads\/2022\/12\/presidente-foto-2.jpg","contentUrl":"https:\/\/jf-sbrasalportel.pt\/jfsba\/wp-content\/uploads\/2022\/12\/presidente-foto-2.jpg","width":960,"height":1280},{"@type":"BreadcrumbList","@id":"https:\/\/jf-sbrasalportel.pt\/jfsba\/rascunho-automatico\/#breadcrumb","itemListElement":[{"@type":"ListItem","position":1,"name":"In\u00edcio","item":"https:\/\/jf-sbrasalportel.pt\/jfsba\/"},{"@type":"ListItem","position":2,"name":"Mensagem de Boas Festas"}]},{"@type":"WebSite","@id":"https:\/\/jf-sbrasalportel.pt\/jfsba\/#website","url":"https:\/\/jf-sbrasalportel.pt\/jfsba\/","name":"Junta de Freguesia de S\u00e3o Br\u00e1s de Alportel","description":"Site institucional da Freguesia de S\u00e3o Br\u00e1s de Alportel","potentialAction":[{"@type":"SearchAction","target":{"@type":"EntryPoint","urlTemplate":"https:\/\/jf-sbrasalportel.pt\/jfsba\/?s={search_term_string}"},"query-input":{"@type":"PropertyValueSpecification","valueRequired":true,"valueName":"search_term_string"}}],"inLanguage":"pt-PT"},{"@type":"Person","@id":"https:\/\/jf-sbrasalportel.pt\/jfsba\/#\/schema\/person\/5aaac60e83bbe2f62e12ce5a829a45bf","name":"Editor03","image":{"@type":"ImageObject","inLanguage":"pt-PT","@id":"https:\/\/secure.gravatar.com\/avatar\/166bbaed3d176f7dbf0d14e0a9dc46d9d86c16c02268ff481c0c3fba1a84f3e2?s=96&d=mm&r=g","url":"https:\/\/secure.gravatar.com\/avatar\/166bbaed3d176f7dbf0d14e0a9dc46d9d86c16c02268ff481c0c3fba1a84f3e2?s=96&d=mm&r=g","contentUrl":"https:\/\/secure.gravatar.com\/avatar\/166bbaed3d176f7dbf0d14e0a9dc46d9d86c16c02268ff481c0c3fba1a84f3e2?s=96&d=mm&r=g","caption":"Editor03"},"url":"https:\/\/jf-sbrasalportel.pt\/jfsba\/author\/mafalda\/"}]}},"_links":{"self":[{"href":"https:\/\/jf-sbrasalportel.pt\/jfsba\/wp-json\/wp\/v2\/posts\/4856","targetHints":{"allow":["GET"]}}],"collection":[{"href":"https:\/\/jf-sbrasalportel.pt\/jfsba\/wp-json\/wp\/v2\/posts"}],"about":[{"href":"https:\/\/jf-sbrasalportel.pt\/jfsba\/wp-json\/wp\/v2\/types\/post"}],"author":[{"embeddable":true,"href":"https:\/\/jf-sbrasalportel.pt\/jfsba\/wp-json\/wp\/v2\/users\/2"}],"replies":[{"embeddable":true,"href":"https:\/\/jf-sbrasalportel.pt\/jfsba\/wp-json\/wp\/v2\/comments?post=4856"}],"version-history":[{"count":4,"href":"https:\/\/jf-sbrasalportel.pt\/jfsba\/wp-json\/wp\/v2\/posts\/4856\/revisions"}],"predecessor-version":[{"id":5015,"href":"https:\/\/jf-sbrasalportel.pt\/jfsba\/wp-json\/wp\/v2\/posts\/4856\/revisions\/5015"}],"wp:attachment":[{"href":"https:\/\/jf-sbrasalportel.pt\/jfsba\/wp-json\/wp\/v2\/media?parent=4856"}],"wp:term":[{"taxonomy":"category","embeddable":true,"href":"https:\/\/jf-sbrasalportel.pt\/jfsba\/wp-json\/wp\/v2\/categories?post=4856"},{"taxonomy":"post_tag","embeddable":true,"href":"https:\/\/jf-sbrasalportel.pt\/jfsba\/wp-json\/wp\/v2\/tags?post=4856"}],"curies":[{"name":"wp","href":"https:\/\/api.w.org\/{rel}","templated":true}]}}