{"id":4440,"date":"2023-11-16T11:35:54","date_gmt":"2023-11-16T11:35:54","guid":{"rendered":"https:\/\/jf-sbrasalportel.pt\/jfsba\/?p=4440"},"modified":"2023-11-16T11:35:55","modified_gmt":"2023-11-16T11:35:55","slug":"projeto-da-segunda-alteracao-ao-regulamento-do-cemiterio-de-sao-bras-de-alportel","status":"publish","type":"post","link":"https:\/\/jf-sbrasalportel.pt\/jfsba\/projeto-da-segunda-alteracao-ao-regulamento-do-cemiterio-de-sao-bras-de-alportel\/","title":{"rendered":"Projeto da segunda altera\u00e7\u00e3o ao regulamento do cemit\u00e9rio de S\u00e3o Br\u00e1s de Alportel"},"content":{"rendered":"\n<p class=\"has-text-align-center\"><strong>AVISO<\/strong><\/p>\n\n\n\n<p>Jo\u00e3o Manuel Fialho Rosa, Presidente da Junta de Freguesia de S. Br\u00e1s de Alportel<\/p>\n\n\n\n<p>Torna p\u00fablico que em cumprimento do disposto no art.\u00ba 101.\u00ba do C\u00f3digo do Procedimento Administrativo, aprovado pelo Decreto-Lei n.\u00ba 4\/2015, de 07 de janeiro, na reda\u00e7\u00e3o atual e por delibera\u00e7\u00e3o tomada por esta Junta de Freguesia, em reuni\u00e3o ordin\u00e1ria de 16\/10\/2023, foi aprovado o <strong>projeto da segunda altera\u00e7\u00e3o ao regulamento do cemit\u00e9rio de S\u00e3o Br\u00e1s de Alportel<\/strong>, est\u00e1 aberto inqu\u00e9rito p\u00fablico, pelo per\u00edodo de 30 dias, para recolha de sugest\u00f5es sobre o mesmo.<\/p>\n\n\n\n<p>Os interessados devem dirigir por escrito as suas sugest\u00f5es, devidamente fundamentadas e identificadas ao Presidente da Junta de Freguesia, dentro do prazo de 30 dias, contados da data da publica\u00e7\u00e3o do presente aviso no Di\u00e1rio da Rep\u00fablica de 16\/11\/2023.<\/p>\n\n\n\n<p>16 de novembro de 2023 &#8211; O Presidente, Jo\u00e3o Manuel Fialho Rosa<\/p>\n\n\n\n<p><strong>Projeto da segunda altera\u00e7\u00e3o ao Regulamento do Cemit\u00e9rio de S\u00e3o Br\u00e1s de Alportel<\/strong><\/p>\n\n\n\n<p class=\"has-text-align-center\">Pre\u00e2mbulo<\/p>\n\n\n\n<p>A Junta de Freguesia de S\u00e3o Br\u00e1s de Alportel \u00e9 a entidade respons\u00e1vel pela administra\u00e7\u00e3o do cemit\u00e9rio desta freguesia [artigo 2.\u00ba al. m) do Dec. Lei 411\/98, de 30 de dezembro].<\/p>\n\n\n\n<p>\u00c9 da responsabilidade desta autarquia, conceder terrenos, para jazigos, mausol\u00e9us e sepulturas perp\u00e9tuas e ainda gerir, conservar e promover a limpeza do cemit\u00e9rio [artigo 16.\u00ba n.\u00ba 1 al. gg) e hh) da Lei 75\/2013, de 12 de setembro].<\/p>\n\n\n\n<p>Dada a dificuldade na gest\u00e3o do espa\u00e7o dispon\u00edvel no cemit\u00e9rio procedeu-se \u00e0 sua amplia\u00e7\u00e3o, alterando o procedimento com a constru\u00e7\u00e3o de locais de consump\u00e7\u00e3o aer\u00f3bia, nos quais passados tr\u00eas anos sobre a data da inuma\u00e7\u00e3o, poder\u00e1 proceder-se \u00e0 exuma\u00e7\u00e3o, removendo as ossadas existentes para oss\u00e1rios ou dar outro destino a indicar pelos interessados.<\/p>\n\n\n\n<p>O presente projeto de altera\u00e7\u00e3o ao regulamento do cemit\u00e9rio ser\u00e1 sujeito a consulta p\u00fablica nos termos do artigo 101.\u00ba do C\u00f3digo do Procedimento Administrativo, podendo os interessados dirigir por escrito as suas sugest\u00f5es a esta Junta de Freguesia, dentro do prazo de 30 dias contados da data da publica\u00e7\u00e3o deste projeto de altera\u00e7\u00e3o no Di\u00e1rio da Rep\u00fablica.<\/p>\n\n\n\n<p>Em conformidade com o disposto na al\u00ednea f) do n.\u00ba 1 do artigo 9.\u00ba, conjugada com a al\u00ednea h) do n.\u00ba 1 do artigo 16.\u00ba da Lei n.\u00ba 75\/2013, de 12 de setembro, que estabelece o regime jur\u00eddico das autarquias locais, a qual nos termos da al\u00ednea d) n.\u00ba 1 do artigo 3.\u00ba, revogou v\u00e1rios artigos da lei n.\u00ba 169\/99, de 18 de setembro, na reda\u00e7\u00e3o dada pela Lei n.\u00ba 5-A\/2002, de 11 de janeiro, \u00e9 aprovada a presente altera\u00e7\u00e3o ao regulamento do cemit\u00e9rio em vigor na freguesia de S\u00e3o Br\u00e1s de Alportel.<\/p>\n\n\n\n<p class=\"has-text-align-center\">Artigo 1.\u00ba<\/p>\n\n\n\n<p class=\"has-text-align-center\"><strong>Objeto<\/strong><\/p>\n\n\n\n<p>Com a presente altera-se a al\u00ednea a), b) e c) do n.\u00ba 3 e n.\u00ba 6 e 7 do artigo 7.\u00ba, que passam a ter a seguinte reda\u00e7\u00e3o:<\/p>\n\n\n\n<p class=\"has-text-align-center\">Artigo 7.\u00ba<\/p>\n\n\n\n<p class=\"has-text-align-center\"><strong>Locais de Inuma\u00e7\u00e3o<\/strong><\/p>\n\n\n\n<p>1. As inuma\u00e7\u00f5es ser\u00e3o efetuadas em sepulturas ou jazigos.<\/p>\n\n\n\n<p>2. Os jazigos podem ser de tr\u00eas esp\u00e9cies:<\/p>\n\n\n\n<p>a) &#8211; Subterr\u00e2neos \u2013 aproveitando apenas o subsolo;<\/p>\n\n\n\n<p>b) &#8211; De capela \u2013 constitu\u00eddos somente por edifica\u00e7\u00f5es acima do solo;<\/p>\n\n\n\n<p>c) &#8211; Mistos \u2013 Dos dois tipos anteriores, conjuntamente.<\/p>\n\n\n\n<p>3. As sepulturas classificam-se em tempor\u00e1rias e perp\u00e9tuas:<\/p>\n\n\n\n<p>a) Consideram-se tempor\u00e1rias as sepulturas para inuma\u00e7\u00e3o por tr\u00eas anos per\u00edodo legal, embora devido a condicionalismos dos terrenos do cemit\u00e9rio ou dos locais de consump\u00e7\u00e3o aer\u00f3bia poder\u00e1 ser aconselh\u00e1vel o m\u00ednimo de cinco anos, findos os quais poder\u00e1 proceder-se \u00e0 exuma\u00e7\u00e3o;<\/p>\n\n\n\n<p>b) A inuma\u00e7\u00e3o em local de consump\u00e7\u00e3o aer\u00f3bia obedece \u00e0s regras definidas por portaria conjunta dos Ministros do Equipamento, do Planeamento e da Administra\u00e7\u00e3o do Territ\u00f3rio, da Sa\u00fade e do Ambiente, realiza-se em nichos que s\u00e3o numerados, cujas inuma\u00e7\u00f5es ser\u00e3o efetuadas por ordem sequencial, como \u00e9 usual, e n\u00e3o \u00e9 permitida a coloca\u00e7\u00e3o de ossadas nas urnas de inuma\u00e7\u00e3o em nichos, por serem de car\u00e1ter tempor\u00e1rio, o encerramento \u00e9 feito com recurso exclusivo a pedra m\u00e1rmore, que j\u00e1 constitui a pr\u00f3pria catacumba, e apenas poder\u00e1 ser ornamentada com recurso aos elementos pr\u00e9-definidos (Cruz, Placa de Identifica\u00e7\u00e3o, Cercadura\/Foto e\/ou Floreira) um, todos ou parte;<\/p>\n\n\n\n<p>c) Consideram-se perp\u00e9tuas aquelas cuja utiliza\u00e7\u00e3o foi exclusiva e perpetuamente concedida pela Junta de Freguesia, a requerimento dos interessados.<\/p>\n\n\n\n<p>4. As sepulturas perp\u00e9tuas devem localizar-se em talh\u00f5es distintos dos destinados \u00e0s sepulturas tempor\u00e1rias.<\/p>\n\n\n\n<p>5. \u00c9 proibido, nas sepulturas tempor\u00e1rias, o enterramento em caix\u00f5es de zinco e de madeiras mais densas, dificilmente deterior\u00e1veis ou nas quais tenham sido aplicados tintas e vernizes que demorem a sua destrui\u00e7\u00e3o.<\/p>\n\n\n\n<p>6. Nos jazigos e catacumbas\/gavet\u00f5es perp\u00e9tuas s\u00f3 \u00e9 permitido inumar cad\u00e1veres encerrados em caix\u00f5es de zinco a cuja folha, empregue no seu fabrico, tenha a espessura m\u00ednima de 0,4 mm.<\/p>\n\n\n\n<p>7. Os jazigos paroquiais vulgarmente chamados \u201ccatacumbas\/gavet\u00f5es\u201d devidamente numerados agrupar-se-\u00e3o em blocos ou sec\u00e7\u00f5es.<\/p>\n\n\n\n<p>8. A Concess\u00e3o de sepulturas perp\u00e9tuas \u00e9 destinada apenas a cad\u00e1veres, a respetiva marca\u00e7\u00e3o segue a ordem num\u00e9rica do tipo de sepultura pretendido, \u00e9 efetuada mediante a apresenta\u00e7\u00e3o de requerimento dirigido ao Presidente da Junta de Freguesia e respetivo boletim de \u00f3bito.<\/p>\n\n\n\n<p class=\"has-text-align-center\">Artigo 2.\u00ba<\/p>\n\n\n\n<p class=\"has-text-align-center\"><strong>Entrada em Vigor<\/strong><\/p>\n\n\n\n<p>A presenta altera\u00e7\u00e3o entra em vigor no dia seguinte \u00e0 publicita\u00e7\u00e3o da sua aprova\u00e7\u00e3o em Di\u00e1rio da Rep\u00fablica.<\/p>\n\n\n\n\n","protected":false},"excerpt":{"rendered":"<p>AVISO Jo\u00e3o Manuel Fialho Rosa, Presidente da Junta de Freguesia de S. Br\u00e1s de Alportel Torna p\u00fablico que em cumprimento do disposto no art.\u00ba 101.\u00ba do C\u00f3digo do Procedimento Administrativo, aprovado pelo Decreto-Lei n.\u00ba 4\/2015, de 07 de janeiro, na reda\u00e7\u00e3o atual e por delibera\u00e7\u00e3o tomada por esta Junta de Freguesia, em reuni\u00e3o ordin\u00e1ria de &hellip; <a href=\"https:\/\/jf-sbrasalportel.pt\/jfsba\/projeto-da-segunda-alteracao-ao-regulamento-do-cemiterio-de-sao-bras-de-alportel\/\" class=\"more-link\">Continuar a ler<span class=\"screen-reader-text\">Projeto da segunda altera\u00e7\u00e3o ao regulamento do cemit\u00e9rio de S\u00e3o Br\u00e1s de Alportel<\/span> <span class=\"meta-nav\">&rarr;<\/span><\/a><\/p>\n","protected":false},"author":2,"featured_media":0,"comment_status":"closed","ping_status":"closed","sticky":false,"template":"","format":"standard","meta":{"_monsterinsights_skip_tracking":false,"_monsterinsights_sitenote_active":false,"_monsterinsights_sitenote_note":"","_monsterinsights_sitenote_category":0,"ngg_post_thumbnail":0,"footnotes":""},"categories":[1],"tags":[],"class_list":["post-4440","post","type-post","status-publish","format-standard","hentry","category-noticias"],"yoast_head":"<!-- This site is optimized with the Yoast SEO plugin v27.5 - https:\/\/yoast.com\/product\/yoast-seo-wordpress\/ -->\n<title>Projeto da segunda altera\u00e7\u00e3o ao regulamento do cemit\u00e9rio de S\u00e3o Br\u00e1s de Alportel - Junta de Freguesia de S\u00e3o Br\u00e1s de Alportel<\/title>\n<meta name=\"robots\" content=\"index, follow, max-snippet:-1, max-image-preview:large, max-video-preview:-1\" \/>\n<link rel=\"canonical\" href=\"https:\/\/jf-sbrasalportel.pt\/jfsba\/projeto-da-segunda-alteracao-ao-regulamento-do-cemiterio-de-sao-bras-de-alportel\/\" \/>\n<meta property=\"og:locale\" content=\"pt_PT\" \/>\n<meta property=\"og:type\" content=\"article\" \/>\n<meta property=\"og:title\" content=\"Projeto da segunda altera\u00e7\u00e3o ao regulamento do cemit\u00e9rio de S\u00e3o Br\u00e1s de Alportel - Junta de Freguesia de S\u00e3o Br\u00e1s de Alportel\" \/>\n<meta property=\"og:description\" content=\"AVISO Jo\u00e3o Manuel Fialho Rosa, Presidente da Junta de Freguesia de S. Br\u00e1s de Alportel Torna p\u00fablico que em cumprimento do disposto no art.\u00ba 101.\u00ba do C\u00f3digo do Procedimento Administrativo, aprovado pelo Decreto-Lei n.\u00ba 4\/2015, de 07 de janeiro, na reda\u00e7\u00e3o atual e por delibera\u00e7\u00e3o tomada por esta Junta de Freguesia, em reuni\u00e3o ordin\u00e1ria de &hellip; Continuar a lerProjeto da segunda altera\u00e7\u00e3o ao regulamento do cemit\u00e9rio de S\u00e3o Br\u00e1s de Alportel &rarr;\" \/>\n<meta property=\"og:url\" content=\"https:\/\/jf-sbrasalportel.pt\/jfsba\/projeto-da-segunda-alteracao-ao-regulamento-do-cemiterio-de-sao-bras-de-alportel\/\" \/>\n<meta property=\"og:site_name\" content=\"Junta de Freguesia de S\u00e3o Br\u00e1s de Alportel\" \/>\n<meta property=\"article:published_time\" content=\"2023-11-16T11:35:54+00:00\" \/>\n<meta property=\"article:modified_time\" content=\"2023-11-16T11:35:55+00:00\" \/>\n<meta name=\"author\" content=\"Editor03\" \/>\n<meta name=\"twitter:card\" content=\"summary_large_image\" \/>\n<meta name=\"twitter:label1\" content=\"Escrito por\" \/>\n\t<meta name=\"twitter:data1\" content=\"Editor03\" \/>\n\t<meta name=\"twitter:label2\" content=\"Tempo estimado de leitura\" \/>\n\t<meta name=\"twitter:data2\" content=\"5 minutos\" \/>\n<script type=\"application\/ld+json\" class=\"yoast-schema-graph\">{\"@context\":\"https:\\\/\\\/schema.org\",\"@graph\":[{\"@type\":\"Article\",\"@id\":\"https:\\\/\\\/jf-sbrasalportel.pt\\\/jfsba\\\/projeto-da-segunda-alteracao-ao-regulamento-do-cemiterio-de-sao-bras-de-alportel\\\/#article\",\"isPartOf\":{\"@id\":\"https:\\\/\\\/jf-sbrasalportel.pt\\\/jfsba\\\/projeto-da-segunda-alteracao-ao-regulamento-do-cemiterio-de-sao-bras-de-alportel\\\/\"},\"author\":{\"name\":\"Editor03\",\"@id\":\"https:\\\/\\\/jf-sbrasalportel.pt\\\/jfsba\\\/#\\\/schema\\\/person\\\/5aaac60e83bbe2f62e12ce5a829a45bf\"},\"headline\":\"Projeto da segunda altera\u00e7\u00e3o ao regulamento do cemit\u00e9rio de S\u00e3o Br\u00e1s de Alportel\",\"datePublished\":\"2023-11-16T11:35:54+00:00\",\"dateModified\":\"2023-11-16T11:35:55+00:00\",\"mainEntityOfPage\":{\"@id\":\"https:\\\/\\\/jf-sbrasalportel.pt\\\/jfsba\\\/projeto-da-segunda-alteracao-ao-regulamento-do-cemiterio-de-sao-bras-de-alportel\\\/\"},\"wordCount\":926,\"articleSection\":[\"Not\u00edcias e Eventos\"],\"inLanguage\":\"pt-PT\"},{\"@type\":\"WebPage\",\"@id\":\"https:\\\/\\\/jf-sbrasalportel.pt\\\/jfsba\\\/projeto-da-segunda-alteracao-ao-regulamento-do-cemiterio-de-sao-bras-de-alportel\\\/\",\"url\":\"https:\\\/\\\/jf-sbrasalportel.pt\\\/jfsba\\\/projeto-da-segunda-alteracao-ao-regulamento-do-cemiterio-de-sao-bras-de-alportel\\\/\",\"name\":\"Projeto da segunda altera\u00e7\u00e3o ao regulamento do cemit\u00e9rio de S\u00e3o Br\u00e1s de Alportel - Junta de Freguesia de S\u00e3o Br\u00e1s de Alportel\",\"isPartOf\":{\"@id\":\"https:\\\/\\\/jf-sbrasalportel.pt\\\/jfsba\\\/#website\"},\"datePublished\":\"2023-11-16T11:35:54+00:00\",\"dateModified\":\"2023-11-16T11:35:55+00:00\",\"author\":{\"@id\":\"https:\\\/\\\/jf-sbrasalportel.pt\\\/jfsba\\\/#\\\/schema\\\/person\\\/5aaac60e83bbe2f62e12ce5a829a45bf\"},\"breadcrumb\":{\"@id\":\"https:\\\/\\\/jf-sbrasalportel.pt\\\/jfsba\\\/projeto-da-segunda-alteracao-ao-regulamento-do-cemiterio-de-sao-bras-de-alportel\\\/#breadcrumb\"},\"inLanguage\":\"pt-PT\",\"potentialAction\":[{\"@type\":\"ReadAction\",\"target\":[\"https:\\\/\\\/jf-sbrasalportel.pt\\\/jfsba\\\/projeto-da-segunda-alteracao-ao-regulamento-do-cemiterio-de-sao-bras-de-alportel\\\/\"]}]},{\"@type\":\"BreadcrumbList\",\"@id\":\"https:\\\/\\\/jf-sbrasalportel.pt\\\/jfsba\\\/projeto-da-segunda-alteracao-ao-regulamento-do-cemiterio-de-sao-bras-de-alportel\\\/#breadcrumb\",\"itemListElement\":[{\"@type\":\"ListItem\",\"position\":1,\"name\":\"In\u00edcio\",\"item\":\"https:\\\/\\\/jf-sbrasalportel.pt\\\/jfsba\\\/\"},{\"@type\":\"ListItem\",\"position\":2,\"name\":\"Projeto da segunda altera\u00e7\u00e3o ao regulamento do cemit\u00e9rio de S\u00e3o Br\u00e1s de Alportel\"}]},{\"@type\":\"WebSite\",\"@id\":\"https:\\\/\\\/jf-sbrasalportel.pt\\\/jfsba\\\/#website\",\"url\":\"https:\\\/\\\/jf-sbrasalportel.pt\\\/jfsba\\\/\",\"name\":\"Junta de Freguesia de S\u00e3o Br\u00e1s de Alportel\",\"description\":\"Site institucional da Freguesia de S\u00e3o Br\u00e1s de Alportel\",\"potentialAction\":[{\"@type\":\"SearchAction\",\"target\":{\"@type\":\"EntryPoint\",\"urlTemplate\":\"https:\\\/\\\/jf-sbrasalportel.pt\\\/jfsba\\\/?s={search_term_string}\"},\"query-input\":{\"@type\":\"PropertyValueSpecification\",\"valueRequired\":true,\"valueName\":\"search_term_string\"}}],\"inLanguage\":\"pt-PT\"},{\"@type\":\"Person\",\"@id\":\"https:\\\/\\\/jf-sbrasalportel.pt\\\/jfsba\\\/#\\\/schema\\\/person\\\/5aaac60e83bbe2f62e12ce5a829a45bf\",\"name\":\"Editor03\",\"image\":{\"@type\":\"ImageObject\",\"inLanguage\":\"pt-PT\",\"@id\":\"https:\\\/\\\/secure.gravatar.com\\\/avatar\\\/166bbaed3d176f7dbf0d14e0a9dc46d9d86c16c02268ff481c0c3fba1a84f3e2?s=96&d=mm&r=g\",\"url\":\"https:\\\/\\\/secure.gravatar.com\\\/avatar\\\/166bbaed3d176f7dbf0d14e0a9dc46d9d86c16c02268ff481c0c3fba1a84f3e2?s=96&d=mm&r=g\",\"contentUrl\":\"https:\\\/\\\/secure.gravatar.com\\\/avatar\\\/166bbaed3d176f7dbf0d14e0a9dc46d9d86c16c02268ff481c0c3fba1a84f3e2?s=96&d=mm&r=g\",\"caption\":\"Editor03\"},\"url\":\"https:\\\/\\\/jf-sbrasalportel.pt\\\/jfsba\\\/author\\\/mafalda\\\/\"}]}<\/script>\n<!-- \/ Yoast SEO plugin. -->","yoast_head_json":{"title":"Projeto da segunda altera\u00e7\u00e3o ao regulamento do cemit\u00e9rio de S\u00e3o Br\u00e1s de Alportel - Junta de Freguesia de S\u00e3o Br\u00e1s de Alportel","robots":{"index":"index","follow":"follow","max-snippet":"max-snippet:-1","max-image-preview":"max-image-preview:large","max-video-preview":"max-video-preview:-1"},"canonical":"https:\/\/jf-sbrasalportel.pt\/jfsba\/projeto-da-segunda-alteracao-ao-regulamento-do-cemiterio-de-sao-bras-de-alportel\/","og_locale":"pt_PT","og_type":"article","og_title":"Projeto da segunda altera\u00e7\u00e3o ao regulamento do cemit\u00e9rio de S\u00e3o Br\u00e1s de Alportel - Junta de Freguesia de S\u00e3o Br\u00e1s de Alportel","og_description":"AVISO Jo\u00e3o Manuel Fialho Rosa, Presidente da Junta de Freguesia de S. Br\u00e1s de Alportel Torna p\u00fablico que em cumprimento do disposto no art.\u00ba 101.\u00ba do C\u00f3digo do Procedimento Administrativo, aprovado pelo Decreto-Lei n.\u00ba 4\/2015, de 07 de janeiro, na reda\u00e7\u00e3o atual e por delibera\u00e7\u00e3o tomada por esta Junta de Freguesia, em reuni\u00e3o ordin\u00e1ria de &hellip; Continuar a lerProjeto da segunda altera\u00e7\u00e3o ao regulamento do cemit\u00e9rio de S\u00e3o Br\u00e1s de Alportel &rarr;","og_url":"https:\/\/jf-sbrasalportel.pt\/jfsba\/projeto-da-segunda-alteracao-ao-regulamento-do-cemiterio-de-sao-bras-de-alportel\/","og_site_name":"Junta de Freguesia de S\u00e3o Br\u00e1s de Alportel","article_published_time":"2023-11-16T11:35:54+00:00","article_modified_time":"2023-11-16T11:35:55+00:00","author":"Editor03","twitter_card":"summary_large_image","twitter_misc":{"Escrito por":"Editor03","Tempo estimado de leitura":"5 minutos"},"schema":{"@context":"https:\/\/schema.org","@graph":[{"@type":"Article","@id":"https:\/\/jf-sbrasalportel.pt\/jfsba\/projeto-da-segunda-alteracao-ao-regulamento-do-cemiterio-de-sao-bras-de-alportel\/#article","isPartOf":{"@id":"https:\/\/jf-sbrasalportel.pt\/jfsba\/projeto-da-segunda-alteracao-ao-regulamento-do-cemiterio-de-sao-bras-de-alportel\/"},"author":{"name":"Editor03","@id":"https:\/\/jf-sbrasalportel.pt\/jfsba\/#\/schema\/person\/5aaac60e83bbe2f62e12ce5a829a45bf"},"headline":"Projeto da segunda altera\u00e7\u00e3o ao regulamento do cemit\u00e9rio de S\u00e3o Br\u00e1s de Alportel","datePublished":"2023-11-16T11:35:54+00:00","dateModified":"2023-11-16T11:35:55+00:00","mainEntityOfPage":{"@id":"https:\/\/jf-sbrasalportel.pt\/jfsba\/projeto-da-segunda-alteracao-ao-regulamento-do-cemiterio-de-sao-bras-de-alportel\/"},"wordCount":926,"articleSection":["Not\u00edcias e Eventos"],"inLanguage":"pt-PT"},{"@type":"WebPage","@id":"https:\/\/jf-sbrasalportel.pt\/jfsba\/projeto-da-segunda-alteracao-ao-regulamento-do-cemiterio-de-sao-bras-de-alportel\/","url":"https:\/\/jf-sbrasalportel.pt\/jfsba\/projeto-da-segunda-alteracao-ao-regulamento-do-cemiterio-de-sao-bras-de-alportel\/","name":"Projeto da segunda altera\u00e7\u00e3o ao regulamento do cemit\u00e9rio de S\u00e3o Br\u00e1s de Alportel - Junta de Freguesia de S\u00e3o Br\u00e1s de Alportel","isPartOf":{"@id":"https:\/\/jf-sbrasalportel.pt\/jfsba\/#website"},"datePublished":"2023-11-16T11:35:54+00:00","dateModified":"2023-11-16T11:35:55+00:00","author":{"@id":"https:\/\/jf-sbrasalportel.pt\/jfsba\/#\/schema\/person\/5aaac60e83bbe2f62e12ce5a829a45bf"},"breadcrumb":{"@id":"https:\/\/jf-sbrasalportel.pt\/jfsba\/projeto-da-segunda-alteracao-ao-regulamento-do-cemiterio-de-sao-bras-de-alportel\/#breadcrumb"},"inLanguage":"pt-PT","potentialAction":[{"@type":"ReadAction","target":["https:\/\/jf-sbrasalportel.pt\/jfsba\/projeto-da-segunda-alteracao-ao-regulamento-do-cemiterio-de-sao-bras-de-alportel\/"]}]},{"@type":"BreadcrumbList","@id":"https:\/\/jf-sbrasalportel.pt\/jfsba\/projeto-da-segunda-alteracao-ao-regulamento-do-cemiterio-de-sao-bras-de-alportel\/#breadcrumb","itemListElement":[{"@type":"ListItem","position":1,"name":"In\u00edcio","item":"https:\/\/jf-sbrasalportel.pt\/jfsba\/"},{"@type":"ListItem","position":2,"name":"Projeto da segunda altera\u00e7\u00e3o ao regulamento do cemit\u00e9rio de S\u00e3o Br\u00e1s de Alportel"}]},{"@type":"WebSite","@id":"https:\/\/jf-sbrasalportel.pt\/jfsba\/#website","url":"https:\/\/jf-sbrasalportel.pt\/jfsba\/","name":"Junta de Freguesia de S\u00e3o Br\u00e1s de Alportel","description":"Site institucional da Freguesia de S\u00e3o Br\u00e1s de Alportel","potentialAction":[{"@type":"SearchAction","target":{"@type":"EntryPoint","urlTemplate":"https:\/\/jf-sbrasalportel.pt\/jfsba\/?s={search_term_string}"},"query-input":{"@type":"PropertyValueSpecification","valueRequired":true,"valueName":"search_term_string"}}],"inLanguage":"pt-PT"},{"@type":"Person","@id":"https:\/\/jf-sbrasalportel.pt\/jfsba\/#\/schema\/person\/5aaac60e83bbe2f62e12ce5a829a45bf","name":"Editor03","image":{"@type":"ImageObject","inLanguage":"pt-PT","@id":"https:\/\/secure.gravatar.com\/avatar\/166bbaed3d176f7dbf0d14e0a9dc46d9d86c16c02268ff481c0c3fba1a84f3e2?s=96&d=mm&r=g","url":"https:\/\/secure.gravatar.com\/avatar\/166bbaed3d176f7dbf0d14e0a9dc46d9d86c16c02268ff481c0c3fba1a84f3e2?s=96&d=mm&r=g","contentUrl":"https:\/\/secure.gravatar.com\/avatar\/166bbaed3d176f7dbf0d14e0a9dc46d9d86c16c02268ff481c0c3fba1a84f3e2?s=96&d=mm&r=g","caption":"Editor03"},"url":"https:\/\/jf-sbrasalportel.pt\/jfsba\/author\/mafalda\/"}]}},"_links":{"self":[{"href":"https:\/\/jf-sbrasalportel.pt\/jfsba\/wp-json\/wp\/v2\/posts\/4440","targetHints":{"allow":["GET"]}}],"collection":[{"href":"https:\/\/jf-sbrasalportel.pt\/jfsba\/wp-json\/wp\/v2\/posts"}],"about":[{"href":"https:\/\/jf-sbrasalportel.pt\/jfsba\/wp-json\/wp\/v2\/types\/post"}],"author":[{"embeddable":true,"href":"https:\/\/jf-sbrasalportel.pt\/jfsba\/wp-json\/wp\/v2\/users\/2"}],"replies":[{"embeddable":true,"href":"https:\/\/jf-sbrasalportel.pt\/jfsba\/wp-json\/wp\/v2\/comments?post=4440"}],"version-history":[{"count":1,"href":"https:\/\/jf-sbrasalportel.pt\/jfsba\/wp-json\/wp\/v2\/posts\/4440\/revisions"}],"predecessor-version":[{"id":4441,"href":"https:\/\/jf-sbrasalportel.pt\/jfsba\/wp-json\/wp\/v2\/posts\/4440\/revisions\/4441"}],"wp:attachment":[{"href":"https:\/\/jf-sbrasalportel.pt\/jfsba\/wp-json\/wp\/v2\/media?parent=4440"}],"wp:term":[{"taxonomy":"category","embeddable":true,"href":"https:\/\/jf-sbrasalportel.pt\/jfsba\/wp-json\/wp\/v2\/categories?post=4440"},{"taxonomy":"post_tag","embeddable":true,"href":"https:\/\/jf-sbrasalportel.pt\/jfsba\/wp-json\/wp\/v2\/tags?post=4440"}],"curies":[{"name":"wp","href":"https:\/\/api.w.org\/{rel}","templated":true}]}}