{"id":1565,"date":"2016-10-25T14:06:18","date_gmt":"2016-10-25T14:06:18","guid":{"rendered":"http:\/\/jf-sbrasalportel.pt\/jf\/?p=1565"},"modified":"2017-11-07T12:28:44","modified_gmt":"2017-11-07T12:28:44","slug":"aulas-de-dancas-de-salao","status":"publish","type":"post","link":"https:\/\/jf-sbrasalportel.pt\/jfsba\/aulas-de-dancas-de-salao\/","title":{"rendered":"Aulas de Dan\u00e7as de Sal\u00e3o"},"content":{"rendered":"<p><strong>Dan\u00e7as de Sal\u00e3o &gt; S\u00e3o Br\u00e1s de Alportel<\/strong><\/p>\n<p><strong>Aulas&nbsp;<\/strong><br \/>\n <strong>Ter\u00e7as-feiras |<\/strong> <strong>Jovens &gt; 19h30 | Adultos &gt; 20h30<\/strong><\/p>\n<p>Professor: F\u00e1bio Henriques<br \/>\n Pentacampe\u00e3o Nacional de Dan\u00e7as de Sal\u00e3o Modernas<\/p>\n<p>Informa\u00e7\u00f5es\/inscri\u00e7\u00f5es: Tel: 939 842 174 \/ 964 769 423<\/p>\n<p>Org: Junta de Freguesia de S\u00e3o Br\u00e1s de Alportel \/ S\u00e3o Br\u00e1s Bailando<\/p>\n<p><a href=\"https:\/\/jf-sbrasalportel.pt\/jfsba\/?attachment_id=1566\" rel=\"attachment wp-att-1566\"><img loading=\"lazy\" decoding=\"async\" class=\"alignnone wp-image-1566 size-large\" src=\"https:\/\/jf-sbrasalportel.pt\/jfsba\/wp-content\/uploads\/2016\/10\/Dancas_Salao_Cartaz-724x1024.jpg\" alt=\"dancas_salao_cartaz\" width=\"474\" height=\"670\" srcset=\"https:\/\/jf-sbrasalportel.pt\/jfsba\/wp-content\/uploads\/2016\/10\/Dancas_Salao_Cartaz-724x1024.jpg 724w, https:\/\/jf-sbrasalportel.pt\/jfsba\/wp-content\/uploads\/2016\/10\/Dancas_Salao_Cartaz-212x300.jpg 212w, https:\/\/jf-sbrasalportel.pt\/jfsba\/wp-content\/uploads\/2016\/10\/Dancas_Salao_Cartaz-768x1086.jpg 768w, https:\/\/jf-sbrasalportel.pt\/jfsba\/wp-content\/uploads\/2016\/10\/Dancas_Salao_Cartaz.jpg 1241w\" sizes=\"auto, (max-width: 474px) 100vw, 474px\" \/><\/a><\/p>\n","protected":false},"excerpt":{"rendered":"<p>Dan\u00e7as de Sal\u00e3o &gt; S\u00e3o Br\u00e1s de Alportel Aulas&nbsp; Ter\u00e7as-feiras | Jovens &gt; 19h30 | Adultos &gt; 20h30 Professor: F\u00e1bio Henriques Pentacampe\u00e3o Nacional de Dan\u00e7as de Sal\u00e3o Modernas Informa\u00e7\u00f5es\/inscri\u00e7\u00f5es: Tel: 939 842 174 \/ 964 769 423 Org: Junta de Freguesia de S\u00e3o Br\u00e1s de Alportel \/ S\u00e3o Br\u00e1s Bailando<\/p>\n","protected":false},"author":1,"featured_media":0,"comment_status":"closed","ping_status":"closed","sticky":false,"template":"","format":"standard","meta":{"_monsterinsights_skip_tracking":false,"_monsterinsights_sitenote_active":false,"_monsterinsights_sitenote_note":"","_monsterinsights_sitenote_category":0,"ngg_post_thumbnail":0,"footnotes":""},"categories":[1],"tags":[],"class_list":["post-1565","post","type-post","status-publish","format-standard","hentry","category-noticias"],"yoast_head":"<!-- This site is optimized with the Yoast SEO plugin v27.5 - https:\/\/yoast.com\/product\/yoast-seo-wordpress\/ -->\n<title>Aulas de Dan\u00e7as de Sal\u00e3o - Junta de Freguesia de S\u00e3o Br\u00e1s de Alportel<\/title>\n<meta name=\"robots\" content=\"index, follow, max-snippet:-1, max-image-preview:large, max-video-preview:-1\" \/>\n<link rel=\"canonical\" href=\"https:\/\/jf-sbrasalportel.pt\/jfsba\/aulas-de-dancas-de-salao\/\" \/>\n<meta property=\"og:locale\" content=\"pt_PT\" \/>\n<meta property=\"og:type\" content=\"article\" \/>\n<meta property=\"og:title\" content=\"Aulas de Dan\u00e7as de Sal\u00e3o - Junta de Freguesia de S\u00e3o Br\u00e1s de Alportel\" \/>\n<meta property=\"og:description\" content=\"Dan\u00e7as de Sal\u00e3o &gt; S\u00e3o Br\u00e1s de Alportel Aulas&nbsp; Ter\u00e7as-feiras | Jovens &gt; 19h30 | Adultos &gt; 20h30 Professor: F\u00e1bio Henriques Pentacampe\u00e3o Nacional de Dan\u00e7as de Sal\u00e3o Modernas Informa\u00e7\u00f5es\/inscri\u00e7\u00f5es: Tel: 939 842 174 \/ 964 769 423 Org: Junta de Freguesia de S\u00e3o Br\u00e1s de Alportel \/ S\u00e3o Br\u00e1s Bailando\" \/>\n<meta property=\"og:url\" content=\"https:\/\/jf-sbrasalportel.pt\/jfsba\/aulas-de-dancas-de-salao\/\" \/>\n<meta property=\"og:site_name\" content=\"Junta de Freguesia de S\u00e3o Br\u00e1s de Alportel\" \/>\n<meta property=\"article:published_time\" content=\"2016-10-25T14:06:18+00:00\" \/>\n<meta property=\"article:modified_time\" content=\"2017-11-07T12:28:44+00:00\" \/>\n<meta property=\"og:image\" content=\"http:\/\/jf-sbrasalportel.pt\/jfsba\/wp-content\/uploads\/2016\/10\/Dancas_Salao_Cartaz-724x1024.jpg\" \/>\n<meta name=\"author\" content=\"Administrador\" \/>\n<meta name=\"twitter:card\" content=\"summary_large_image\" \/>\n<meta name=\"twitter:label1\" content=\"Escrito por\" \/>\n\t<meta name=\"twitter:data1\" content=\"Administrador\" \/>\n<script type=\"application\/ld+json\" class=\"yoast-schema-graph\">{\"@context\":\"https:\\\/\\\/schema.org\",\"@graph\":[{\"@type\":\"Article\",\"@id\":\"https:\\\/\\\/jf-sbrasalportel.pt\\\/jfsba\\\/aulas-de-dancas-de-salao\\\/#article\",\"isPartOf\":{\"@id\":\"https:\\\/\\\/jf-sbrasalportel.pt\\\/jfsba\\\/aulas-de-dancas-de-salao\\\/\"},\"author\":{\"name\":\"Administrador\",\"@id\":\"https:\\\/\\\/jf-sbrasalportel.pt\\\/jfsba\\\/#\\\/schema\\\/person\\\/3c45b98690e998c100dcef2e2cf4306a\"},\"headline\":\"Aulas de Dan\u00e7as de Sal\u00e3o\",\"datePublished\":\"2016-10-25T14:06:18+00:00\",\"dateModified\":\"2017-11-07T12:28:44+00:00\",\"mainEntityOfPage\":{\"@id\":\"https:\\\/\\\/jf-sbrasalportel.pt\\\/jfsba\\\/aulas-de-dancas-de-salao\\\/\"},\"wordCount\":64,\"image\":{\"@id\":\"https:\\\/\\\/jf-sbrasalportel.pt\\\/jfsba\\\/aulas-de-dancas-de-salao\\\/#primaryimage\"},\"thumbnailUrl\":\"http:\\\/\\\/jf-sbrasalportel.pt\\\/jfsba\\\/wp-content\\\/uploads\\\/2016\\\/10\\\/Dancas_Salao_Cartaz-724x1024.jpg\",\"articleSection\":[\"Not\u00edcias e Eventos\"],\"inLanguage\":\"pt-PT\"},{\"@type\":\"WebPage\",\"@id\":\"https:\\\/\\\/jf-sbrasalportel.pt\\\/jfsba\\\/aulas-de-dancas-de-salao\\\/\",\"url\":\"https:\\\/\\\/jf-sbrasalportel.pt\\\/jfsba\\\/aulas-de-dancas-de-salao\\\/\",\"name\":\"Aulas de Dan\u00e7as de Sal\u00e3o - Junta de Freguesia de S\u00e3o Br\u00e1s de Alportel\",\"isPartOf\":{\"@id\":\"https:\\\/\\\/jf-sbrasalportel.pt\\\/jfsba\\\/#website\"},\"primaryImageOfPage\":{\"@id\":\"https:\\\/\\\/jf-sbrasalportel.pt\\\/jfsba\\\/aulas-de-dancas-de-salao\\\/#primaryimage\"},\"image\":{\"@id\":\"https:\\\/\\\/jf-sbrasalportel.pt\\\/jfsba\\\/aulas-de-dancas-de-salao\\\/#primaryimage\"},\"thumbnailUrl\":\"http:\\\/\\\/jf-sbrasalportel.pt\\\/jfsba\\\/wp-content\\\/uploads\\\/2016\\\/10\\\/Dancas_Salao_Cartaz-724x1024.jpg\",\"datePublished\":\"2016-10-25T14:06:18+00:00\",\"dateModified\":\"2017-11-07T12:28:44+00:00\",\"author\":{\"@id\":\"https:\\\/\\\/jf-sbrasalportel.pt\\\/jfsba\\\/#\\\/schema\\\/person\\\/3c45b98690e998c100dcef2e2cf4306a\"},\"breadcrumb\":{\"@id\":\"https:\\\/\\\/jf-sbrasalportel.pt\\\/jfsba\\\/aulas-de-dancas-de-salao\\\/#breadcrumb\"},\"inLanguage\":\"pt-PT\",\"potentialAction\":[{\"@type\":\"ReadAction\",\"target\":[\"https:\\\/\\\/jf-sbrasalportel.pt\\\/jfsba\\\/aulas-de-dancas-de-salao\\\/\"]}]},{\"@type\":\"ImageObject\",\"inLanguage\":\"pt-PT\",\"@id\":\"https:\\\/\\\/jf-sbrasalportel.pt\\\/jfsba\\\/aulas-de-dancas-de-salao\\\/#primaryimage\",\"url\":\"http:\\\/\\\/jf-sbrasalportel.pt\\\/jfsba\\\/wp-content\\\/uploads\\\/2016\\\/10\\\/Dancas_Salao_Cartaz-724x1024.jpg\",\"contentUrl\":\"http:\\\/\\\/jf-sbrasalportel.pt\\\/jfsba\\\/wp-content\\\/uploads\\\/2016\\\/10\\\/Dancas_Salao_Cartaz-724x1024.jpg\"},{\"@type\":\"BreadcrumbList\",\"@id\":\"https:\\\/\\\/jf-sbrasalportel.pt\\\/jfsba\\\/aulas-de-dancas-de-salao\\\/#breadcrumb\",\"itemListElement\":[{\"@type\":\"ListItem\",\"position\":1,\"name\":\"In\u00edcio\",\"item\":\"https:\\\/\\\/jf-sbrasalportel.pt\\\/jfsba\\\/\"},{\"@type\":\"ListItem\",\"position\":2,\"name\":\"Aulas de Dan\u00e7as de Sal\u00e3o\"}]},{\"@type\":\"WebSite\",\"@id\":\"https:\\\/\\\/jf-sbrasalportel.pt\\\/jfsba\\\/#website\",\"url\":\"https:\\\/\\\/jf-sbrasalportel.pt\\\/jfsba\\\/\",\"name\":\"Junta de Freguesia de S\u00e3o Br\u00e1s de Alportel\",\"description\":\"Site institucional da Freguesia de S\u00e3o Br\u00e1s de Alportel\",\"potentialAction\":[{\"@type\":\"SearchAction\",\"target\":{\"@type\":\"EntryPoint\",\"urlTemplate\":\"https:\\\/\\\/jf-sbrasalportel.pt\\\/jfsba\\\/?s={search_term_string}\"},\"query-input\":{\"@type\":\"PropertyValueSpecification\",\"valueRequired\":true,\"valueName\":\"search_term_string\"}}],\"inLanguage\":\"pt-PT\"},{\"@type\":\"Person\",\"@id\":\"https:\\\/\\\/jf-sbrasalportel.pt\\\/jfsba\\\/#\\\/schema\\\/person\\\/3c45b98690e998c100dcef2e2cf4306a\",\"name\":\"Administrador\",\"image\":{\"@type\":\"ImageObject\",\"inLanguage\":\"pt-PT\",\"@id\":\"https:\\\/\\\/secure.gravatar.com\\\/avatar\\\/76e7c2d93cee5a50bf741369ed587db81d9b815d7da83d5b725a253106747bd5?s=96&d=mm&r=g\",\"url\":\"https:\\\/\\\/secure.gravatar.com\\\/avatar\\\/76e7c2d93cee5a50bf741369ed587db81d9b815d7da83d5b725a253106747bd5?s=96&d=mm&r=g\",\"contentUrl\":\"https:\\\/\\\/secure.gravatar.com\\\/avatar\\\/76e7c2d93cee5a50bf741369ed587db81d9b815d7da83d5b725a253106747bd5?s=96&d=mm&r=g\",\"caption\":\"Administrador\"},\"sameAs\":[\"http:\\\/\\\/www.jf-sbrasalportel.pt\"],\"url\":\"https:\\\/\\\/jf-sbrasalportel.pt\\\/jfsba\\\/author\\\/admin_jfsba\\\/\"}]}<\/script>\n<!-- \/ Yoast SEO plugin. -->","yoast_head_json":{"title":"Aulas de Dan\u00e7as de Sal\u00e3o - Junta de Freguesia de S\u00e3o Br\u00e1s de Alportel","robots":{"index":"index","follow":"follow","max-snippet":"max-snippet:-1","max-image-preview":"max-image-preview:large","max-video-preview":"max-video-preview:-1"},"canonical":"https:\/\/jf-sbrasalportel.pt\/jfsba\/aulas-de-dancas-de-salao\/","og_locale":"pt_PT","og_type":"article","og_title":"Aulas de Dan\u00e7as de Sal\u00e3o - Junta de Freguesia de S\u00e3o Br\u00e1s de Alportel","og_description":"Dan\u00e7as de Sal\u00e3o &gt; S\u00e3o Br\u00e1s de Alportel Aulas&nbsp; Ter\u00e7as-feiras | Jovens &gt; 19h30 | Adultos &gt; 20h30 Professor: F\u00e1bio Henriques Pentacampe\u00e3o Nacional de Dan\u00e7as de Sal\u00e3o Modernas Informa\u00e7\u00f5es\/inscri\u00e7\u00f5es: Tel: 939 842 174 \/ 964 769 423 Org: Junta de Freguesia de S\u00e3o Br\u00e1s de Alportel \/ S\u00e3o Br\u00e1s Bailando","og_url":"https:\/\/jf-sbrasalportel.pt\/jfsba\/aulas-de-dancas-de-salao\/","og_site_name":"Junta de Freguesia de S\u00e3o Br\u00e1s de Alportel","article_published_time":"2016-10-25T14:06:18+00:00","article_modified_time":"2017-11-07T12:28:44+00:00","og_image":[{"url":"http:\/\/jf-sbrasalportel.pt\/jfsba\/wp-content\/uploads\/2016\/10\/Dancas_Salao_Cartaz-724x1024.jpg","type":"","width":"","height":""}],"author":"Administrador","twitter_card":"summary_large_image","twitter_misc":{"Escrito por":"Administrador"},"schema":{"@context":"https:\/\/schema.org","@graph":[{"@type":"Article","@id":"https:\/\/jf-sbrasalportel.pt\/jfsba\/aulas-de-dancas-de-salao\/#article","isPartOf":{"@id":"https:\/\/jf-sbrasalportel.pt\/jfsba\/aulas-de-dancas-de-salao\/"},"author":{"name":"Administrador","@id":"https:\/\/jf-sbrasalportel.pt\/jfsba\/#\/schema\/person\/3c45b98690e998c100dcef2e2cf4306a"},"headline":"Aulas de Dan\u00e7as de Sal\u00e3o","datePublished":"2016-10-25T14:06:18+00:00","dateModified":"2017-11-07T12:28:44+00:00","mainEntityOfPage":{"@id":"https:\/\/jf-sbrasalportel.pt\/jfsba\/aulas-de-dancas-de-salao\/"},"wordCount":64,"image":{"@id":"https:\/\/jf-sbrasalportel.pt\/jfsba\/aulas-de-dancas-de-salao\/#primaryimage"},"thumbnailUrl":"http:\/\/jf-sbrasalportel.pt\/jfsba\/wp-content\/uploads\/2016\/10\/Dancas_Salao_Cartaz-724x1024.jpg","articleSection":["Not\u00edcias e Eventos"],"inLanguage":"pt-PT"},{"@type":"WebPage","@id":"https:\/\/jf-sbrasalportel.pt\/jfsba\/aulas-de-dancas-de-salao\/","url":"https:\/\/jf-sbrasalportel.pt\/jfsba\/aulas-de-dancas-de-salao\/","name":"Aulas de Dan\u00e7as de Sal\u00e3o - Junta de Freguesia de S\u00e3o Br\u00e1s de Alportel","isPartOf":{"@id":"https:\/\/jf-sbrasalportel.pt\/jfsba\/#website"},"primaryImageOfPage":{"@id":"https:\/\/jf-sbrasalportel.pt\/jfsba\/aulas-de-dancas-de-salao\/#primaryimage"},"image":{"@id":"https:\/\/jf-sbrasalportel.pt\/jfsba\/aulas-de-dancas-de-salao\/#primaryimage"},"thumbnailUrl":"http:\/\/jf-sbrasalportel.pt\/jfsba\/wp-content\/uploads\/2016\/10\/Dancas_Salao_Cartaz-724x1024.jpg","datePublished":"2016-10-25T14:06:18+00:00","dateModified":"2017-11-07T12:28:44+00:00","author":{"@id":"https:\/\/jf-sbrasalportel.pt\/jfsba\/#\/schema\/person\/3c45b98690e998c100dcef2e2cf4306a"},"breadcrumb":{"@id":"https:\/\/jf-sbrasalportel.pt\/jfsba\/aulas-de-dancas-de-salao\/#breadcrumb"},"inLanguage":"pt-PT","potentialAction":[{"@type":"ReadAction","target":["https:\/\/jf-sbrasalportel.pt\/jfsba\/aulas-de-dancas-de-salao\/"]}]},{"@type":"ImageObject","inLanguage":"pt-PT","@id":"https:\/\/jf-sbrasalportel.pt\/jfsba\/aulas-de-dancas-de-salao\/#primaryimage","url":"http:\/\/jf-sbrasalportel.pt\/jfsba\/wp-content\/uploads\/2016\/10\/Dancas_Salao_Cartaz-724x1024.jpg","contentUrl":"http:\/\/jf-sbrasalportel.pt\/jfsba\/wp-content\/uploads\/2016\/10\/Dancas_Salao_Cartaz-724x1024.jpg"},{"@type":"BreadcrumbList","@id":"https:\/\/jf-sbrasalportel.pt\/jfsba\/aulas-de-dancas-de-salao\/#breadcrumb","itemListElement":[{"@type":"ListItem","position":1,"name":"In\u00edcio","item":"https:\/\/jf-sbrasalportel.pt\/jfsba\/"},{"@type":"ListItem","position":2,"name":"Aulas de Dan\u00e7as de Sal\u00e3o"}]},{"@type":"WebSite","@id":"https:\/\/jf-sbrasalportel.pt\/jfsba\/#website","url":"https:\/\/jf-sbrasalportel.pt\/jfsba\/","name":"Junta de Freguesia de S\u00e3o Br\u00e1s de Alportel","description":"Site institucional da Freguesia de S\u00e3o Br\u00e1s de Alportel","potentialAction":[{"@type":"SearchAction","target":{"@type":"EntryPoint","urlTemplate":"https:\/\/jf-sbrasalportel.pt\/jfsba\/?s={search_term_string}"},"query-input":{"@type":"PropertyValueSpecification","valueRequired":true,"valueName":"search_term_string"}}],"inLanguage":"pt-PT"},{"@type":"Person","@id":"https:\/\/jf-sbrasalportel.pt\/jfsba\/#\/schema\/person\/3c45b98690e998c100dcef2e2cf4306a","name":"Administrador","image":{"@type":"ImageObject","inLanguage":"pt-PT","@id":"https:\/\/secure.gravatar.com\/avatar\/76e7c2d93cee5a50bf741369ed587db81d9b815d7da83d5b725a253106747bd5?s=96&d=mm&r=g","url":"https:\/\/secure.gravatar.com\/avatar\/76e7c2d93cee5a50bf741369ed587db81d9b815d7da83d5b725a253106747bd5?s=96&d=mm&r=g","contentUrl":"https:\/\/secure.gravatar.com\/avatar\/76e7c2d93cee5a50bf741369ed587db81d9b815d7da83d5b725a253106747bd5?s=96&d=mm&r=g","caption":"Administrador"},"sameAs":["http:\/\/www.jf-sbrasalportel.pt"],"url":"https:\/\/jf-sbrasalportel.pt\/jfsba\/author\/admin_jfsba\/"}]}},"_links":{"self":[{"href":"https:\/\/jf-sbrasalportel.pt\/jfsba\/wp-json\/wp\/v2\/posts\/1565","targetHints":{"allow":["GET"]}}],"collection":[{"href":"https:\/\/jf-sbrasalportel.pt\/jfsba\/wp-json\/wp\/v2\/posts"}],"about":[{"href":"https:\/\/jf-sbrasalportel.pt\/jfsba\/wp-json\/wp\/v2\/types\/post"}],"author":[{"embeddable":true,"href":"https:\/\/jf-sbrasalportel.pt\/jfsba\/wp-json\/wp\/v2\/users\/1"}],"replies":[{"embeddable":true,"href":"https:\/\/jf-sbrasalportel.pt\/jfsba\/wp-json\/wp\/v2\/comments?post=1565"}],"version-history":[{"count":5,"href":"https:\/\/jf-sbrasalportel.pt\/jfsba\/wp-json\/wp\/v2\/posts\/1565\/revisions"}],"predecessor-version":[{"id":1892,"href":"https:\/\/jf-sbrasalportel.pt\/jfsba\/wp-json\/wp\/v2\/posts\/1565\/revisions\/1892"}],"wp:attachment":[{"href":"https:\/\/jf-sbrasalportel.pt\/jfsba\/wp-json\/wp\/v2\/media?parent=1565"}],"wp:term":[{"taxonomy":"category","embeddable":true,"href":"https:\/\/jf-sbrasalportel.pt\/jfsba\/wp-json\/wp\/v2\/categories?post=1565"},{"taxonomy":"post_tag","embeddable":true,"href":"https:\/\/jf-sbrasalportel.pt\/jfsba\/wp-json\/wp\/v2\/tags?post=1565"}],"curies":[{"name":"wp","href":"https:\/\/api.w.org\/{rel}","templated":true}]}}