{"id":1561,"date":"2016-10-25T13:53:35","date_gmt":"2016-10-25T13:53:35","guid":{"rendered":"http:\/\/jf-sbrasalportel.pt\/jf\/?p=1561"},"modified":"2017-11-07T12:29:39","modified_gmt":"2017-11-07T12:29:39","slug":"sessao-informativa-sobre-2a-fase-do-cadastro-predial-em-sao-bras-de-alportel","status":"publish","type":"post","link":"https:\/\/jf-sbrasalportel.pt\/jfsba\/sessao-informativa-sobre-2a-fase-do-cadastro-predial-em-sao-bras-de-alportel\/","title":{"rendered":"Sess\u00e3o informativa sobre 2\u00aa fase do Cadastro Predial em S\u00e3o Br\u00e1s de Alportel"},"content":{"rendered":"<p><strong>Ap\u00f3s ter sido selecionado pela Dire\u00e7\u00e3o-Geral do Territ\u00f3rio para concluir o processo iniciado em 2014, o munic\u00edpio de S\u00e3o Br\u00e1s de Alportel inicia agora de forma pioneira a 2\u00aa fase do Cadastro Predial.&nbsp;<\/strong><strong> Neste \u00e2mbito promove no pr\u00f3ximo dia 25, uma Sess\u00e3o Informativa, a ter lugar no Cineteatro S\u00e3o Br\u00e1s, pelas 21h00.<\/strong><\/p>\n<p>Esta sess\u00e3o p\u00fablica de informa\u00e7\u00e3o, sob orienta\u00e7\u00e3o da Dire\u00e7\u00e3o Geral do Territ\u00f3rio, com o apoio da C\u00e2mara Municipal e da Junta de freguesia de S\u00e3o Br\u00e1s de Alportel, destina-se a todos os propriet\u00e1rios do munic\u00edpio de S\u00e3o Br\u00e1s de Alportel. A 2.\u00aa fase dos procedimentos vai direcionar-se para todas aquelas situa\u00e7\u00f5es em que j\u00e1 houve participa\u00e7\u00e3o e colabora\u00e7\u00e3o ativa dos propriet\u00e1rios, mas cujos pr\u00e9dios, por qualquer circunst\u00e2ncia, n\u00e3o foi poss\u00edvel caraterizar.<\/p>\n<p>Os trabalhos a executar nesta nova fase t\u00eam por objetivo finalizar a carateriza\u00e7\u00e3o de todos os pr\u00e9dios, r\u00fasticos e urbanos, atrav\u00e9s da identifica\u00e7\u00e3o dos seus limites, marcos e das suas estremas, bem como dos seus propriet\u00e1rios ou titulares de direitos. Por \u00faltimo ser\u00e1 efetuada a associa\u00e7\u00e3o destas informa\u00e7\u00f5es com os respetivos dados j\u00e1 existentes na Conservat\u00f3ria do Registo Predial e no Servi\u00e7o de Finan\u00e7as.<\/p>\n","protected":false},"excerpt":{"rendered":"<p>Ap\u00f3s ter sido selecionado pela Dire\u00e7\u00e3o-Geral do Territ\u00f3rio para concluir o processo iniciado em 2014, o munic\u00edpio de S\u00e3o Br\u00e1s de Alportel inicia agora de forma pioneira a 2\u00aa fase do Cadastro Predial.&nbsp; Neste \u00e2mbito promove no pr\u00f3ximo dia 25, uma Sess\u00e3o Informativa, a ter lugar no Cineteatro S\u00e3o Br\u00e1s, pelas 21h00. Esta sess\u00e3o p\u00fablica &hellip; <a href=\"https:\/\/jf-sbrasalportel.pt\/jfsba\/sessao-informativa-sobre-2a-fase-do-cadastro-predial-em-sao-bras-de-alportel\/\" class=\"more-link\">Continuar a ler<span class=\"screen-reader-text\">Sess\u00e3o informativa sobre 2\u00aa fase do Cadastro Predial em S\u00e3o Br\u00e1s de Alportel<\/span> <span class=\"meta-nav\">&rarr;<\/span><\/a><\/p>\n","protected":false},"author":1,"featured_media":0,"comment_status":"closed","ping_status":"closed","sticky":false,"template":"","format":"standard","meta":{"_monsterinsights_skip_tracking":false,"_monsterinsights_sitenote_active":false,"_monsterinsights_sitenote_note":"","_monsterinsights_sitenote_category":0,"ngg_post_thumbnail":0,"footnotes":""},"categories":[1],"tags":[],"class_list":["post-1561","post","type-post","status-publish","format-standard","hentry","category-noticias"],"yoast_head":"<!-- This site is optimized with the Yoast SEO plugin v27.5 - https:\/\/yoast.com\/product\/yoast-seo-wordpress\/ -->\n<title>Sess\u00e3o informativa sobre 2\u00aa fase do Cadastro Predial em S\u00e3o Br\u00e1s de Alportel - Junta de Freguesia de S\u00e3o Br\u00e1s de Alportel<\/title>\n<meta name=\"robots\" content=\"index, follow, max-snippet:-1, max-image-preview:large, max-video-preview:-1\" \/>\n<link rel=\"canonical\" href=\"https:\/\/jf-sbrasalportel.pt\/jfsba\/sessao-informativa-sobre-2a-fase-do-cadastro-predial-em-sao-bras-de-alportel\/\" \/>\n<meta property=\"og:locale\" content=\"pt_PT\" \/>\n<meta property=\"og:type\" content=\"article\" \/>\n<meta property=\"og:title\" content=\"Sess\u00e3o informativa sobre 2\u00aa fase do Cadastro Predial em S\u00e3o Br\u00e1s de Alportel - Junta de Freguesia de S\u00e3o Br\u00e1s de Alportel\" \/>\n<meta property=\"og:description\" content=\"Ap\u00f3s ter sido selecionado pela Dire\u00e7\u00e3o-Geral do Territ\u00f3rio para concluir o processo iniciado em 2014, o munic\u00edpio de S\u00e3o Br\u00e1s de Alportel inicia agora de forma pioneira a 2\u00aa fase do Cadastro Predial.&nbsp; Neste \u00e2mbito promove no pr\u00f3ximo dia 25, uma Sess\u00e3o Informativa, a ter lugar no Cineteatro S\u00e3o Br\u00e1s, pelas 21h00. Esta sess\u00e3o p\u00fablica &hellip; Continuar a lerSess\u00e3o informativa sobre 2\u00aa fase do Cadastro Predial em S\u00e3o Br\u00e1s de Alportel &rarr;\" \/>\n<meta property=\"og:url\" content=\"https:\/\/jf-sbrasalportel.pt\/jfsba\/sessao-informativa-sobre-2a-fase-do-cadastro-predial-em-sao-bras-de-alportel\/\" \/>\n<meta property=\"og:site_name\" content=\"Junta de Freguesia de S\u00e3o Br\u00e1s de Alportel\" \/>\n<meta property=\"article:published_time\" content=\"2016-10-25T13:53:35+00:00\" \/>\n<meta property=\"article:modified_time\" content=\"2017-11-07T12:29:39+00:00\" \/>\n<meta name=\"author\" content=\"Administrador\" \/>\n<meta name=\"twitter:card\" content=\"summary_large_image\" \/>\n<meta name=\"twitter:label1\" content=\"Escrito por\" \/>\n\t<meta name=\"twitter:data1\" content=\"Administrador\" \/>\n\t<meta name=\"twitter:label2\" content=\"Tempo estimado de leitura\" \/>\n\t<meta name=\"twitter:data2\" content=\"1 minuto\" \/>\n<script type=\"application\/ld+json\" class=\"yoast-schema-graph\">{\"@context\":\"https:\\\/\\\/schema.org\",\"@graph\":[{\"@type\":\"Article\",\"@id\":\"https:\\\/\\\/jf-sbrasalportel.pt\\\/jfsba\\\/sessao-informativa-sobre-2a-fase-do-cadastro-predial-em-sao-bras-de-alportel\\\/#article\",\"isPartOf\":{\"@id\":\"https:\\\/\\\/jf-sbrasalportel.pt\\\/jfsba\\\/sessao-informativa-sobre-2a-fase-do-cadastro-predial-em-sao-bras-de-alportel\\\/\"},\"author\":{\"name\":\"Administrador\",\"@id\":\"https:\\\/\\\/jf-sbrasalportel.pt\\\/jfsba\\\/#\\\/schema\\\/person\\\/3c45b98690e998c100dcef2e2cf4306a\"},\"headline\":\"Sess\u00e3o informativa sobre 2\u00aa fase do Cadastro Predial em S\u00e3o Br\u00e1s de Alportel\",\"datePublished\":\"2016-10-25T13:53:35+00:00\",\"dateModified\":\"2017-11-07T12:29:39+00:00\",\"mainEntityOfPage\":{\"@id\":\"https:\\\/\\\/jf-sbrasalportel.pt\\\/jfsba\\\/sessao-informativa-sobre-2a-fase-do-cadastro-predial-em-sao-bras-de-alportel\\\/\"},\"wordCount\":242,\"articleSection\":[\"Not\u00edcias e Eventos\"],\"inLanguage\":\"pt-PT\"},{\"@type\":\"WebPage\",\"@id\":\"https:\\\/\\\/jf-sbrasalportel.pt\\\/jfsba\\\/sessao-informativa-sobre-2a-fase-do-cadastro-predial-em-sao-bras-de-alportel\\\/\",\"url\":\"https:\\\/\\\/jf-sbrasalportel.pt\\\/jfsba\\\/sessao-informativa-sobre-2a-fase-do-cadastro-predial-em-sao-bras-de-alportel\\\/\",\"name\":\"Sess\u00e3o informativa sobre 2\u00aa fase do Cadastro Predial em S\u00e3o Br\u00e1s de Alportel - Junta de Freguesia de S\u00e3o Br\u00e1s de Alportel\",\"isPartOf\":{\"@id\":\"https:\\\/\\\/jf-sbrasalportel.pt\\\/jfsba\\\/#website\"},\"datePublished\":\"2016-10-25T13:53:35+00:00\",\"dateModified\":\"2017-11-07T12:29:39+00:00\",\"author\":{\"@id\":\"https:\\\/\\\/jf-sbrasalportel.pt\\\/jfsba\\\/#\\\/schema\\\/person\\\/3c45b98690e998c100dcef2e2cf4306a\"},\"breadcrumb\":{\"@id\":\"https:\\\/\\\/jf-sbrasalportel.pt\\\/jfsba\\\/sessao-informativa-sobre-2a-fase-do-cadastro-predial-em-sao-bras-de-alportel\\\/#breadcrumb\"},\"inLanguage\":\"pt-PT\",\"potentialAction\":[{\"@type\":\"ReadAction\",\"target\":[\"https:\\\/\\\/jf-sbrasalportel.pt\\\/jfsba\\\/sessao-informativa-sobre-2a-fase-do-cadastro-predial-em-sao-bras-de-alportel\\\/\"]}]},{\"@type\":\"BreadcrumbList\",\"@id\":\"https:\\\/\\\/jf-sbrasalportel.pt\\\/jfsba\\\/sessao-informativa-sobre-2a-fase-do-cadastro-predial-em-sao-bras-de-alportel\\\/#breadcrumb\",\"itemListElement\":[{\"@type\":\"ListItem\",\"position\":1,\"name\":\"In\u00edcio\",\"item\":\"https:\\\/\\\/jf-sbrasalportel.pt\\\/jfsba\\\/\"},{\"@type\":\"ListItem\",\"position\":2,\"name\":\"Sess\u00e3o informativa sobre 2\u00aa fase do Cadastro Predial em S\u00e3o Br\u00e1s de Alportel\"}]},{\"@type\":\"WebSite\",\"@id\":\"https:\\\/\\\/jf-sbrasalportel.pt\\\/jfsba\\\/#website\",\"url\":\"https:\\\/\\\/jf-sbrasalportel.pt\\\/jfsba\\\/\",\"name\":\"Junta de Freguesia de S\u00e3o Br\u00e1s de Alportel\",\"description\":\"Site institucional da Freguesia de S\u00e3o Br\u00e1s de Alportel\",\"potentialAction\":[{\"@type\":\"SearchAction\",\"target\":{\"@type\":\"EntryPoint\",\"urlTemplate\":\"https:\\\/\\\/jf-sbrasalportel.pt\\\/jfsba\\\/?s={search_term_string}\"},\"query-input\":{\"@type\":\"PropertyValueSpecification\",\"valueRequired\":true,\"valueName\":\"search_term_string\"}}],\"inLanguage\":\"pt-PT\"},{\"@type\":\"Person\",\"@id\":\"https:\\\/\\\/jf-sbrasalportel.pt\\\/jfsba\\\/#\\\/schema\\\/person\\\/3c45b98690e998c100dcef2e2cf4306a\",\"name\":\"Administrador\",\"image\":{\"@type\":\"ImageObject\",\"inLanguage\":\"pt-PT\",\"@id\":\"https:\\\/\\\/secure.gravatar.com\\\/avatar\\\/76e7c2d93cee5a50bf741369ed587db81d9b815d7da83d5b725a253106747bd5?s=96&d=mm&r=g\",\"url\":\"https:\\\/\\\/secure.gravatar.com\\\/avatar\\\/76e7c2d93cee5a50bf741369ed587db81d9b815d7da83d5b725a253106747bd5?s=96&d=mm&r=g\",\"contentUrl\":\"https:\\\/\\\/secure.gravatar.com\\\/avatar\\\/76e7c2d93cee5a50bf741369ed587db81d9b815d7da83d5b725a253106747bd5?s=96&d=mm&r=g\",\"caption\":\"Administrador\"},\"sameAs\":[\"http:\\\/\\\/www.jf-sbrasalportel.pt\"],\"url\":\"https:\\\/\\\/jf-sbrasalportel.pt\\\/jfsba\\\/author\\\/admin_jfsba\\\/\"}]}<\/script>\n<!-- \/ Yoast SEO plugin. -->","yoast_head_json":{"title":"Sess\u00e3o informativa sobre 2\u00aa fase do Cadastro Predial em S\u00e3o Br\u00e1s de Alportel - Junta de Freguesia de S\u00e3o Br\u00e1s de Alportel","robots":{"index":"index","follow":"follow","max-snippet":"max-snippet:-1","max-image-preview":"max-image-preview:large","max-video-preview":"max-video-preview:-1"},"canonical":"https:\/\/jf-sbrasalportel.pt\/jfsba\/sessao-informativa-sobre-2a-fase-do-cadastro-predial-em-sao-bras-de-alportel\/","og_locale":"pt_PT","og_type":"article","og_title":"Sess\u00e3o informativa sobre 2\u00aa fase do Cadastro Predial em S\u00e3o Br\u00e1s de Alportel - Junta de Freguesia de S\u00e3o Br\u00e1s de Alportel","og_description":"Ap\u00f3s ter sido selecionado pela Dire\u00e7\u00e3o-Geral do Territ\u00f3rio para concluir o processo iniciado em 2014, o munic\u00edpio de S\u00e3o Br\u00e1s de Alportel inicia agora de forma pioneira a 2\u00aa fase do Cadastro Predial.&nbsp; Neste \u00e2mbito promove no pr\u00f3ximo dia 25, uma Sess\u00e3o Informativa, a ter lugar no Cineteatro S\u00e3o Br\u00e1s, pelas 21h00. Esta sess\u00e3o p\u00fablica &hellip; Continuar a lerSess\u00e3o informativa sobre 2\u00aa fase do Cadastro Predial em S\u00e3o Br\u00e1s de Alportel &rarr;","og_url":"https:\/\/jf-sbrasalportel.pt\/jfsba\/sessao-informativa-sobre-2a-fase-do-cadastro-predial-em-sao-bras-de-alportel\/","og_site_name":"Junta de Freguesia de S\u00e3o Br\u00e1s de Alportel","article_published_time":"2016-10-25T13:53:35+00:00","article_modified_time":"2017-11-07T12:29:39+00:00","author":"Administrador","twitter_card":"summary_large_image","twitter_misc":{"Escrito por":"Administrador","Tempo estimado de leitura":"1 minuto"},"schema":{"@context":"https:\/\/schema.org","@graph":[{"@type":"Article","@id":"https:\/\/jf-sbrasalportel.pt\/jfsba\/sessao-informativa-sobre-2a-fase-do-cadastro-predial-em-sao-bras-de-alportel\/#article","isPartOf":{"@id":"https:\/\/jf-sbrasalportel.pt\/jfsba\/sessao-informativa-sobre-2a-fase-do-cadastro-predial-em-sao-bras-de-alportel\/"},"author":{"name":"Administrador","@id":"https:\/\/jf-sbrasalportel.pt\/jfsba\/#\/schema\/person\/3c45b98690e998c100dcef2e2cf4306a"},"headline":"Sess\u00e3o informativa sobre 2\u00aa fase do Cadastro Predial em S\u00e3o Br\u00e1s de Alportel","datePublished":"2016-10-25T13:53:35+00:00","dateModified":"2017-11-07T12:29:39+00:00","mainEntityOfPage":{"@id":"https:\/\/jf-sbrasalportel.pt\/jfsba\/sessao-informativa-sobre-2a-fase-do-cadastro-predial-em-sao-bras-de-alportel\/"},"wordCount":242,"articleSection":["Not\u00edcias e Eventos"],"inLanguage":"pt-PT"},{"@type":"WebPage","@id":"https:\/\/jf-sbrasalportel.pt\/jfsba\/sessao-informativa-sobre-2a-fase-do-cadastro-predial-em-sao-bras-de-alportel\/","url":"https:\/\/jf-sbrasalportel.pt\/jfsba\/sessao-informativa-sobre-2a-fase-do-cadastro-predial-em-sao-bras-de-alportel\/","name":"Sess\u00e3o informativa sobre 2\u00aa fase do Cadastro Predial em S\u00e3o Br\u00e1s de Alportel - Junta de Freguesia de S\u00e3o Br\u00e1s de Alportel","isPartOf":{"@id":"https:\/\/jf-sbrasalportel.pt\/jfsba\/#website"},"datePublished":"2016-10-25T13:53:35+00:00","dateModified":"2017-11-07T12:29:39+00:00","author":{"@id":"https:\/\/jf-sbrasalportel.pt\/jfsba\/#\/schema\/person\/3c45b98690e998c100dcef2e2cf4306a"},"breadcrumb":{"@id":"https:\/\/jf-sbrasalportel.pt\/jfsba\/sessao-informativa-sobre-2a-fase-do-cadastro-predial-em-sao-bras-de-alportel\/#breadcrumb"},"inLanguage":"pt-PT","potentialAction":[{"@type":"ReadAction","target":["https:\/\/jf-sbrasalportel.pt\/jfsba\/sessao-informativa-sobre-2a-fase-do-cadastro-predial-em-sao-bras-de-alportel\/"]}]},{"@type":"BreadcrumbList","@id":"https:\/\/jf-sbrasalportel.pt\/jfsba\/sessao-informativa-sobre-2a-fase-do-cadastro-predial-em-sao-bras-de-alportel\/#breadcrumb","itemListElement":[{"@type":"ListItem","position":1,"name":"In\u00edcio","item":"https:\/\/jf-sbrasalportel.pt\/jfsba\/"},{"@type":"ListItem","position":2,"name":"Sess\u00e3o informativa sobre 2\u00aa fase do Cadastro Predial em S\u00e3o Br\u00e1s de Alportel"}]},{"@type":"WebSite","@id":"https:\/\/jf-sbrasalportel.pt\/jfsba\/#website","url":"https:\/\/jf-sbrasalportel.pt\/jfsba\/","name":"Junta de Freguesia de S\u00e3o Br\u00e1s de Alportel","description":"Site institucional da Freguesia de S\u00e3o Br\u00e1s de Alportel","potentialAction":[{"@type":"SearchAction","target":{"@type":"EntryPoint","urlTemplate":"https:\/\/jf-sbrasalportel.pt\/jfsba\/?s={search_term_string}"},"query-input":{"@type":"PropertyValueSpecification","valueRequired":true,"valueName":"search_term_string"}}],"inLanguage":"pt-PT"},{"@type":"Person","@id":"https:\/\/jf-sbrasalportel.pt\/jfsba\/#\/schema\/person\/3c45b98690e998c100dcef2e2cf4306a","name":"Administrador","image":{"@type":"ImageObject","inLanguage":"pt-PT","@id":"https:\/\/secure.gravatar.com\/avatar\/76e7c2d93cee5a50bf741369ed587db81d9b815d7da83d5b725a253106747bd5?s=96&d=mm&r=g","url":"https:\/\/secure.gravatar.com\/avatar\/76e7c2d93cee5a50bf741369ed587db81d9b815d7da83d5b725a253106747bd5?s=96&d=mm&r=g","contentUrl":"https:\/\/secure.gravatar.com\/avatar\/76e7c2d93cee5a50bf741369ed587db81d9b815d7da83d5b725a253106747bd5?s=96&d=mm&r=g","caption":"Administrador"},"sameAs":["http:\/\/www.jf-sbrasalportel.pt"],"url":"https:\/\/jf-sbrasalportel.pt\/jfsba\/author\/admin_jfsba\/"}]}},"_links":{"self":[{"href":"https:\/\/jf-sbrasalportel.pt\/jfsba\/wp-json\/wp\/v2\/posts\/1561","targetHints":{"allow":["GET"]}}],"collection":[{"href":"https:\/\/jf-sbrasalportel.pt\/jfsba\/wp-json\/wp\/v2\/posts"}],"about":[{"href":"https:\/\/jf-sbrasalportel.pt\/jfsba\/wp-json\/wp\/v2\/types\/post"}],"author":[{"embeddable":true,"href":"https:\/\/jf-sbrasalportel.pt\/jfsba\/wp-json\/wp\/v2\/users\/1"}],"replies":[{"embeddable":true,"href":"https:\/\/jf-sbrasalportel.pt\/jfsba\/wp-json\/wp\/v2\/comments?post=1561"}],"version-history":[{"count":3,"href":"https:\/\/jf-sbrasalportel.pt\/jfsba\/wp-json\/wp\/v2\/posts\/1561\/revisions"}],"predecessor-version":[{"id":1893,"href":"https:\/\/jf-sbrasalportel.pt\/jfsba\/wp-json\/wp\/v2\/posts\/1561\/revisions\/1893"}],"wp:attachment":[{"href":"https:\/\/jf-sbrasalportel.pt\/jfsba\/wp-json\/wp\/v2\/media?parent=1561"}],"wp:term":[{"taxonomy":"category","embeddable":true,"href":"https:\/\/jf-sbrasalportel.pt\/jfsba\/wp-json\/wp\/v2\/categories?post=1561"},{"taxonomy":"post_tag","embeddable":true,"href":"https:\/\/jf-sbrasalportel.pt\/jfsba\/wp-json\/wp\/v2\/tags?post=1561"}],"curies":[{"name":"wp","href":"https:\/\/api.w.org\/{rel}","templated":true}]}}