{"id":1408,"date":"2016-02-10T15:41:12","date_gmt":"2016-02-10T15:41:12","guid":{"rendered":"http:\/\/jf-sbrasalportel.pt\/jf\/?p=1408"},"modified":"2017-11-07T12:30:37","modified_gmt":"2017-11-07T12:30:37","slug":"conferencia-servico-de-referencia-em-arquivos-definitivos","status":"publish","type":"post","link":"https:\/\/jf-sbrasalportel.pt\/jfsba\/conferencia-servico-de-referencia-em-arquivos-definitivos\/","title":{"rendered":"Confer\u00eancia &#8220;Servi\u00e7o de Refer\u00eancia em Arquivos Definitivos&#8221;"},"content":{"rendered":"<figure id=\"attachment_1410\" aria-describedby=\"caption-attachment-1410\" style=\"width: 300px\" class=\"wp-caption alignnone\"><a href=\"https:\/\/jf-sbrasalportel.pt\/jfsba\/wp-content\/uploads\/2016\/02\/conferencia_entrearquivos_sba.jpg\" rel=\"attachment wp-att-1410\"><img loading=\"lazy\" decoding=\"async\" class=\"wp-image-1410 size-medium\" src=\"https:\/\/jf-sbrasalportel.pt\/jfsba\/wp-content\/uploads\/2016\/02\/conferencia_entrearquivos_sba-300x152.jpg\" alt=\"Confer\u00eancia &quot;Entre Arquivos&quot;\" width=\"300\" height=\"152\" srcset=\"https:\/\/jf-sbrasalportel.pt\/jfsba\/wp-content\/uploads\/2016\/02\/conferencia_entrearquivos_sba-300x152.jpg 300w, https:\/\/jf-sbrasalportel.pt\/jfsba\/wp-content\/uploads\/2016\/02\/conferencia_entrearquivos_sba.jpg 650w\" sizes=\"auto, (max-width: 300px) 100vw, 300px\" \/><\/a><figcaption id=\"caption-attachment-1410\" class=\"wp-caption-text\">Confer\u00eancia &#8220;Entre Arquivos&#8221;<\/figcaption><\/figure>\n<p><strong>Dia 13 | s\u00e1bado | 15h00 | Sede da Junta de Freguesia <\/p>\n<p><strong>Confer\u00eancia &#8220;Entre Arquivos&#8221;<\/strong><br \/>\n<\/strong><em>&gt; &#8220;Servi\u00e7os de Refer\u00eancia em Arquivos Definitivos&#8221;, por Paulo Tremoceiro<\/em><\/p>\n<p>A comunica\u00e7\u00e3o versar\u00e1 sobre a import\u00e2ncia do Servi\u00e7o de Refer\u00eancia em Arquivos Definitivos, nomeadamente sobre o trabalho desenvolvido no Arquivo Nacional da Torre do Tombo. \u201cPorto de entrada\u201d das in\u00fameras solicita\u00e7\u00f5es que acorrem diariamente ao Arquivo, de forma presencial ou remota, o Servi\u00e7o de Refer\u00eancia \u00e9 igualmente \u201cporto de sa\u00edda\u201d, para a resposta a solicita\u00e7\u00f5es cuja documenta\u00e7\u00e3o \/ informa\u00e7\u00e3o se encontra em outros Arquivos, ou Servi\u00e7os de Informa\u00e7\u00e3o em geral.<\/p>\n<p>Procurar-se-\u00e1 refletir sobre o perfil do T\u00e9cnico de Refer\u00eancia, dando conta das dificuldades que se lhe colocam diariamente, em particular com a defici\u00eancia de instrumentos de pesquisa existentes ou as debilidades infraestruturais, bem como com o pouco conhecimento revelado sobre a forma de organiza\u00e7\u00e3o do Arquivo e a necessidade de forma\u00e7\u00e3o dos utilizadores que acorrem ao mesmo.<\/p>\n<p>A par da salvaguarda e da prote\u00e7\u00e3o dos documentos, o Servi\u00e7o de Refer\u00eancia inclui inerentemente a ideia de servi\u00e7o p\u00fablico, alargando a sua \u00e1rea de resposta a um p\u00fablico cada vez mais diversificado.&nbsp;&nbsp; &nbsp;<\/p>\n<p>&nbsp;<\/p>\n<p><span style=\"text-decoration: underline; font-size: 10pt;\"><strong>Nota biogr\u00e1fica<\/strong><\/span><\/p>\n<p><span style=\"font-size: 10pt;\">Paulo Tremoceiro \u00e9 Chefe de Divis\u00e3o de Comunica\u00e7\u00e3o e Acesso do Arquivo Nacional Torre do Tombo (ANTT) desde Junho de 2007.<\/span><\/p>\n<p><span style=\"font-size: 10pt;\">Dentro das suas compet\u00eancias, \u00e9 respons\u00e1vel pelo Gabinete de Leitura P\u00fablica e Refer\u00eancia, e pelo Gabinete dos Dep\u00f3sitos.<\/span><\/p>\n<p><span style=\"font-size: 10pt;\">Desde 1989 a 2007, esteve integrado na Divis\u00e3o de Arquiv\u00edstica tendo procedido, entre outros, \u00e0 descri\u00e7\u00e3o dos seguintes fundos documentais: Minist\u00e9rio do Reino, Minist\u00e9rio dos Neg\u00f3cios Eclesi\u00e1sticos e de Justi\u00e7a e Secretariado Nacional de Informa\u00e7\u00e3o.<\/span><\/p>\n","protected":false},"excerpt":{"rendered":"<p>Dia 13 | s\u00e1bado | 15h00 | Sede da Junta de Freguesia Confer\u00eancia &#8220;Entre Arquivos&#8221; &gt; &#8220;Servi\u00e7os de Refer\u00eancia em Arquivos Definitivos&#8221;, por Paulo Tremoceiro A comunica\u00e7\u00e3o versar\u00e1 sobre a import\u00e2ncia do Servi\u00e7o de Refer\u00eancia em Arquivos Definitivos, nomeadamente sobre o trabalho desenvolvido no Arquivo Nacional da Torre do Tombo. \u201cPorto de entrada\u201d das in\u00fameras &hellip; <a href=\"https:\/\/jf-sbrasalportel.pt\/jfsba\/conferencia-servico-de-referencia-em-arquivos-definitivos\/\" class=\"more-link\">Continuar a ler<span class=\"screen-reader-text\">Confer\u00eancia &#8220;Servi\u00e7o de Refer\u00eancia em Arquivos Definitivos&#8221;<\/span> <span class=\"meta-nav\">&rarr;<\/span><\/a><\/p>\n","protected":false},"author":1,"featured_media":0,"comment_status":"closed","ping_status":"closed","sticky":false,"template":"","format":"standard","meta":{"_monsterinsights_skip_tracking":false,"_monsterinsights_sitenote_active":false,"_monsterinsights_sitenote_note":"","_monsterinsights_sitenote_category":0,"ngg_post_thumbnail":0,"footnotes":""},"categories":[1],"tags":[],"class_list":["post-1408","post","type-post","status-publish","format-standard","hentry","category-noticias"],"yoast_head":"<!-- This site is optimized with the Yoast SEO plugin v27.5 - https:\/\/yoast.com\/product\/yoast-seo-wordpress\/ -->\n<title>Confer\u00eancia &quot;Servi\u00e7o de Refer\u00eancia em Arquivos Definitivos&quot; - Junta de Freguesia de S\u00e3o Br\u00e1s de Alportel<\/title>\n<meta name=\"robots\" content=\"index, follow, max-snippet:-1, max-image-preview:large, max-video-preview:-1\" \/>\n<link rel=\"canonical\" href=\"https:\/\/jf-sbrasalportel.pt\/jfsba\/conferencia-servico-de-referencia-em-arquivos-definitivos\/\" \/>\n<meta property=\"og:locale\" content=\"pt_PT\" \/>\n<meta property=\"og:type\" content=\"article\" \/>\n<meta property=\"og:title\" content=\"Confer\u00eancia &quot;Servi\u00e7o de Refer\u00eancia em Arquivos Definitivos&quot; - Junta de Freguesia de S\u00e3o Br\u00e1s de Alportel\" \/>\n<meta property=\"og:description\" content=\"Dia 13 | s\u00e1bado | 15h00 | Sede da Junta de Freguesia Confer\u00eancia &#8220;Entre Arquivos&#8221; &gt; &#8220;Servi\u00e7os de Refer\u00eancia em Arquivos Definitivos&#8221;, por Paulo Tremoceiro A comunica\u00e7\u00e3o versar\u00e1 sobre a import\u00e2ncia do Servi\u00e7o de Refer\u00eancia em Arquivos Definitivos, nomeadamente sobre o trabalho desenvolvido no Arquivo Nacional da Torre do Tombo. \u201cPorto de entrada\u201d das in\u00fameras &hellip; Continuar a lerConfer\u00eancia &#8220;Servi\u00e7o de Refer\u00eancia em Arquivos Definitivos&#8221; &rarr;\" \/>\n<meta property=\"og:url\" content=\"https:\/\/jf-sbrasalportel.pt\/jfsba\/conferencia-servico-de-referencia-em-arquivos-definitivos\/\" \/>\n<meta property=\"og:site_name\" content=\"Junta de Freguesia de S\u00e3o Br\u00e1s de Alportel\" \/>\n<meta property=\"article:published_time\" content=\"2016-02-10T15:41:12+00:00\" \/>\n<meta property=\"article:modified_time\" content=\"2017-11-07T12:30:37+00:00\" \/>\n<meta property=\"og:image\" content=\"http:\/\/jf-sbrasalportel.pt\/jfsba\/wp-content\/uploads\/2016\/02\/conferencia_entrearquivos_sba-300x152.jpg\" \/>\n<meta name=\"author\" content=\"Administrador\" \/>\n<meta name=\"twitter:card\" content=\"summary_large_image\" \/>\n<meta name=\"twitter:label1\" content=\"Escrito por\" \/>\n\t<meta name=\"twitter:data1\" content=\"Administrador\" \/>\n\t<meta name=\"twitter:label2\" content=\"Tempo estimado de leitura\" \/>\n\t<meta name=\"twitter:data2\" content=\"2 minutos\" \/>\n<script type=\"application\/ld+json\" class=\"yoast-schema-graph\">{\"@context\":\"https:\\\/\\\/schema.org\",\"@graph\":[{\"@type\":\"Article\",\"@id\":\"https:\\\/\\\/jf-sbrasalportel.pt\\\/jfsba\\\/conferencia-servico-de-referencia-em-arquivos-definitivos\\\/#article\",\"isPartOf\":{\"@id\":\"https:\\\/\\\/jf-sbrasalportel.pt\\\/jfsba\\\/conferencia-servico-de-referencia-em-arquivos-definitivos\\\/\"},\"author\":{\"name\":\"Administrador\",\"@id\":\"https:\\\/\\\/jf-sbrasalportel.pt\\\/jfsba\\\/#\\\/schema\\\/person\\\/3c45b98690e998c100dcef2e2cf4306a\"},\"headline\":\"Confer\u00eancia &#8220;Servi\u00e7o de Refer\u00eancia em Arquivos Definitivos&#8221;\",\"datePublished\":\"2016-02-10T15:41:12+00:00\",\"dateModified\":\"2017-11-07T12:30:37+00:00\",\"mainEntityOfPage\":{\"@id\":\"https:\\\/\\\/jf-sbrasalportel.pt\\\/jfsba\\\/conferencia-servico-de-referencia-em-arquivos-definitivos\\\/\"},\"wordCount\":320,\"image\":{\"@id\":\"https:\\\/\\\/jf-sbrasalportel.pt\\\/jfsba\\\/conferencia-servico-de-referencia-em-arquivos-definitivos\\\/#primaryimage\"},\"thumbnailUrl\":\"http:\\\/\\\/jf-sbrasalportel.pt\\\/jfsba\\\/wp-content\\\/uploads\\\/2016\\\/02\\\/conferencia_entrearquivos_sba-300x152.jpg\",\"articleSection\":[\"Not\u00edcias e Eventos\"],\"inLanguage\":\"pt-PT\"},{\"@type\":\"WebPage\",\"@id\":\"https:\\\/\\\/jf-sbrasalportel.pt\\\/jfsba\\\/conferencia-servico-de-referencia-em-arquivos-definitivos\\\/\",\"url\":\"https:\\\/\\\/jf-sbrasalportel.pt\\\/jfsba\\\/conferencia-servico-de-referencia-em-arquivos-definitivos\\\/\",\"name\":\"Confer\u00eancia \\\"Servi\u00e7o de Refer\u00eancia em Arquivos Definitivos\\\" - Junta de Freguesia de S\u00e3o Br\u00e1s de Alportel\",\"isPartOf\":{\"@id\":\"https:\\\/\\\/jf-sbrasalportel.pt\\\/jfsba\\\/#website\"},\"primaryImageOfPage\":{\"@id\":\"https:\\\/\\\/jf-sbrasalportel.pt\\\/jfsba\\\/conferencia-servico-de-referencia-em-arquivos-definitivos\\\/#primaryimage\"},\"image\":{\"@id\":\"https:\\\/\\\/jf-sbrasalportel.pt\\\/jfsba\\\/conferencia-servico-de-referencia-em-arquivos-definitivos\\\/#primaryimage\"},\"thumbnailUrl\":\"http:\\\/\\\/jf-sbrasalportel.pt\\\/jfsba\\\/wp-content\\\/uploads\\\/2016\\\/02\\\/conferencia_entrearquivos_sba-300x152.jpg\",\"datePublished\":\"2016-02-10T15:41:12+00:00\",\"dateModified\":\"2017-11-07T12:30:37+00:00\",\"author\":{\"@id\":\"https:\\\/\\\/jf-sbrasalportel.pt\\\/jfsba\\\/#\\\/schema\\\/person\\\/3c45b98690e998c100dcef2e2cf4306a\"},\"breadcrumb\":{\"@id\":\"https:\\\/\\\/jf-sbrasalportel.pt\\\/jfsba\\\/conferencia-servico-de-referencia-em-arquivos-definitivos\\\/#breadcrumb\"},\"inLanguage\":\"pt-PT\",\"potentialAction\":[{\"@type\":\"ReadAction\",\"target\":[\"https:\\\/\\\/jf-sbrasalportel.pt\\\/jfsba\\\/conferencia-servico-de-referencia-em-arquivos-definitivos\\\/\"]}]},{\"@type\":\"ImageObject\",\"inLanguage\":\"pt-PT\",\"@id\":\"https:\\\/\\\/jf-sbrasalportel.pt\\\/jfsba\\\/conferencia-servico-de-referencia-em-arquivos-definitivos\\\/#primaryimage\",\"url\":\"http:\\\/\\\/jf-sbrasalportel.pt\\\/jfsba\\\/wp-content\\\/uploads\\\/2016\\\/02\\\/conferencia_entrearquivos_sba-300x152.jpg\",\"contentUrl\":\"http:\\\/\\\/jf-sbrasalportel.pt\\\/jfsba\\\/wp-content\\\/uploads\\\/2016\\\/02\\\/conferencia_entrearquivos_sba-300x152.jpg\"},{\"@type\":\"BreadcrumbList\",\"@id\":\"https:\\\/\\\/jf-sbrasalportel.pt\\\/jfsba\\\/conferencia-servico-de-referencia-em-arquivos-definitivos\\\/#breadcrumb\",\"itemListElement\":[{\"@type\":\"ListItem\",\"position\":1,\"name\":\"In\u00edcio\",\"item\":\"https:\\\/\\\/jf-sbrasalportel.pt\\\/jfsba\\\/\"},{\"@type\":\"ListItem\",\"position\":2,\"name\":\"Confer\u00eancia &#8220;Servi\u00e7o de Refer\u00eancia em Arquivos Definitivos&#8221;\"}]},{\"@type\":\"WebSite\",\"@id\":\"https:\\\/\\\/jf-sbrasalportel.pt\\\/jfsba\\\/#website\",\"url\":\"https:\\\/\\\/jf-sbrasalportel.pt\\\/jfsba\\\/\",\"name\":\"Junta de Freguesia de S\u00e3o Br\u00e1s de Alportel\",\"description\":\"Site institucional da Freguesia de S\u00e3o Br\u00e1s de Alportel\",\"potentialAction\":[{\"@type\":\"SearchAction\",\"target\":{\"@type\":\"EntryPoint\",\"urlTemplate\":\"https:\\\/\\\/jf-sbrasalportel.pt\\\/jfsba\\\/?s={search_term_string}\"},\"query-input\":{\"@type\":\"PropertyValueSpecification\",\"valueRequired\":true,\"valueName\":\"search_term_string\"}}],\"inLanguage\":\"pt-PT\"},{\"@type\":\"Person\",\"@id\":\"https:\\\/\\\/jf-sbrasalportel.pt\\\/jfsba\\\/#\\\/schema\\\/person\\\/3c45b98690e998c100dcef2e2cf4306a\",\"name\":\"Administrador\",\"image\":{\"@type\":\"ImageObject\",\"inLanguage\":\"pt-PT\",\"@id\":\"https:\\\/\\\/secure.gravatar.com\\\/avatar\\\/76e7c2d93cee5a50bf741369ed587db81d9b815d7da83d5b725a253106747bd5?s=96&d=mm&r=g\",\"url\":\"https:\\\/\\\/secure.gravatar.com\\\/avatar\\\/76e7c2d93cee5a50bf741369ed587db81d9b815d7da83d5b725a253106747bd5?s=96&d=mm&r=g\",\"contentUrl\":\"https:\\\/\\\/secure.gravatar.com\\\/avatar\\\/76e7c2d93cee5a50bf741369ed587db81d9b815d7da83d5b725a253106747bd5?s=96&d=mm&r=g\",\"caption\":\"Administrador\"},\"sameAs\":[\"http:\\\/\\\/www.jf-sbrasalportel.pt\"],\"url\":\"https:\\\/\\\/jf-sbrasalportel.pt\\\/jfsba\\\/author\\\/admin_jfsba\\\/\"}]}<\/script>\n<!-- \/ Yoast SEO plugin. -->","yoast_head_json":{"title":"Confer\u00eancia \"Servi\u00e7o de Refer\u00eancia em Arquivos Definitivos\" - Junta de Freguesia de S\u00e3o Br\u00e1s de Alportel","robots":{"index":"index","follow":"follow","max-snippet":"max-snippet:-1","max-image-preview":"max-image-preview:large","max-video-preview":"max-video-preview:-1"},"canonical":"https:\/\/jf-sbrasalportel.pt\/jfsba\/conferencia-servico-de-referencia-em-arquivos-definitivos\/","og_locale":"pt_PT","og_type":"article","og_title":"Confer\u00eancia \"Servi\u00e7o de Refer\u00eancia em Arquivos Definitivos\" - Junta de Freguesia de S\u00e3o Br\u00e1s de Alportel","og_description":"Dia 13 | s\u00e1bado | 15h00 | Sede da Junta de Freguesia Confer\u00eancia &#8220;Entre Arquivos&#8221; &gt; &#8220;Servi\u00e7os de Refer\u00eancia em Arquivos Definitivos&#8221;, por Paulo Tremoceiro A comunica\u00e7\u00e3o versar\u00e1 sobre a import\u00e2ncia do Servi\u00e7o de Refer\u00eancia em Arquivos Definitivos, nomeadamente sobre o trabalho desenvolvido no Arquivo Nacional da Torre do Tombo. \u201cPorto de entrada\u201d das in\u00fameras &hellip; Continuar a lerConfer\u00eancia &#8220;Servi\u00e7o de Refer\u00eancia em Arquivos Definitivos&#8221; &rarr;","og_url":"https:\/\/jf-sbrasalportel.pt\/jfsba\/conferencia-servico-de-referencia-em-arquivos-definitivos\/","og_site_name":"Junta de Freguesia de S\u00e3o Br\u00e1s de Alportel","article_published_time":"2016-02-10T15:41:12+00:00","article_modified_time":"2017-11-07T12:30:37+00:00","og_image":[{"url":"http:\/\/jf-sbrasalportel.pt\/jfsba\/wp-content\/uploads\/2016\/02\/conferencia_entrearquivos_sba-300x152.jpg","type":"","width":"","height":""}],"author":"Administrador","twitter_card":"summary_large_image","twitter_misc":{"Escrito por":"Administrador","Tempo estimado de leitura":"2 minutos"},"schema":{"@context":"https:\/\/schema.org","@graph":[{"@type":"Article","@id":"https:\/\/jf-sbrasalportel.pt\/jfsba\/conferencia-servico-de-referencia-em-arquivos-definitivos\/#article","isPartOf":{"@id":"https:\/\/jf-sbrasalportel.pt\/jfsba\/conferencia-servico-de-referencia-em-arquivos-definitivos\/"},"author":{"name":"Administrador","@id":"https:\/\/jf-sbrasalportel.pt\/jfsba\/#\/schema\/person\/3c45b98690e998c100dcef2e2cf4306a"},"headline":"Confer\u00eancia &#8220;Servi\u00e7o de Refer\u00eancia em Arquivos Definitivos&#8221;","datePublished":"2016-02-10T15:41:12+00:00","dateModified":"2017-11-07T12:30:37+00:00","mainEntityOfPage":{"@id":"https:\/\/jf-sbrasalportel.pt\/jfsba\/conferencia-servico-de-referencia-em-arquivos-definitivos\/"},"wordCount":320,"image":{"@id":"https:\/\/jf-sbrasalportel.pt\/jfsba\/conferencia-servico-de-referencia-em-arquivos-definitivos\/#primaryimage"},"thumbnailUrl":"http:\/\/jf-sbrasalportel.pt\/jfsba\/wp-content\/uploads\/2016\/02\/conferencia_entrearquivos_sba-300x152.jpg","articleSection":["Not\u00edcias e Eventos"],"inLanguage":"pt-PT"},{"@type":"WebPage","@id":"https:\/\/jf-sbrasalportel.pt\/jfsba\/conferencia-servico-de-referencia-em-arquivos-definitivos\/","url":"https:\/\/jf-sbrasalportel.pt\/jfsba\/conferencia-servico-de-referencia-em-arquivos-definitivos\/","name":"Confer\u00eancia \"Servi\u00e7o de Refer\u00eancia em Arquivos Definitivos\" - Junta de Freguesia de S\u00e3o Br\u00e1s de Alportel","isPartOf":{"@id":"https:\/\/jf-sbrasalportel.pt\/jfsba\/#website"},"primaryImageOfPage":{"@id":"https:\/\/jf-sbrasalportel.pt\/jfsba\/conferencia-servico-de-referencia-em-arquivos-definitivos\/#primaryimage"},"image":{"@id":"https:\/\/jf-sbrasalportel.pt\/jfsba\/conferencia-servico-de-referencia-em-arquivos-definitivos\/#primaryimage"},"thumbnailUrl":"http:\/\/jf-sbrasalportel.pt\/jfsba\/wp-content\/uploads\/2016\/02\/conferencia_entrearquivos_sba-300x152.jpg","datePublished":"2016-02-10T15:41:12+00:00","dateModified":"2017-11-07T12:30:37+00:00","author":{"@id":"https:\/\/jf-sbrasalportel.pt\/jfsba\/#\/schema\/person\/3c45b98690e998c100dcef2e2cf4306a"},"breadcrumb":{"@id":"https:\/\/jf-sbrasalportel.pt\/jfsba\/conferencia-servico-de-referencia-em-arquivos-definitivos\/#breadcrumb"},"inLanguage":"pt-PT","potentialAction":[{"@type":"ReadAction","target":["https:\/\/jf-sbrasalportel.pt\/jfsba\/conferencia-servico-de-referencia-em-arquivos-definitivos\/"]}]},{"@type":"ImageObject","inLanguage":"pt-PT","@id":"https:\/\/jf-sbrasalportel.pt\/jfsba\/conferencia-servico-de-referencia-em-arquivos-definitivos\/#primaryimage","url":"http:\/\/jf-sbrasalportel.pt\/jfsba\/wp-content\/uploads\/2016\/02\/conferencia_entrearquivos_sba-300x152.jpg","contentUrl":"http:\/\/jf-sbrasalportel.pt\/jfsba\/wp-content\/uploads\/2016\/02\/conferencia_entrearquivos_sba-300x152.jpg"},{"@type":"BreadcrumbList","@id":"https:\/\/jf-sbrasalportel.pt\/jfsba\/conferencia-servico-de-referencia-em-arquivos-definitivos\/#breadcrumb","itemListElement":[{"@type":"ListItem","position":1,"name":"In\u00edcio","item":"https:\/\/jf-sbrasalportel.pt\/jfsba\/"},{"@type":"ListItem","position":2,"name":"Confer\u00eancia &#8220;Servi\u00e7o de Refer\u00eancia em Arquivos Definitivos&#8221;"}]},{"@type":"WebSite","@id":"https:\/\/jf-sbrasalportel.pt\/jfsba\/#website","url":"https:\/\/jf-sbrasalportel.pt\/jfsba\/","name":"Junta de Freguesia de S\u00e3o Br\u00e1s de Alportel","description":"Site institucional da Freguesia de S\u00e3o Br\u00e1s de Alportel","potentialAction":[{"@type":"SearchAction","target":{"@type":"EntryPoint","urlTemplate":"https:\/\/jf-sbrasalportel.pt\/jfsba\/?s={search_term_string}"},"query-input":{"@type":"PropertyValueSpecification","valueRequired":true,"valueName":"search_term_string"}}],"inLanguage":"pt-PT"},{"@type":"Person","@id":"https:\/\/jf-sbrasalportel.pt\/jfsba\/#\/schema\/person\/3c45b98690e998c100dcef2e2cf4306a","name":"Administrador","image":{"@type":"ImageObject","inLanguage":"pt-PT","@id":"https:\/\/secure.gravatar.com\/avatar\/76e7c2d93cee5a50bf741369ed587db81d9b815d7da83d5b725a253106747bd5?s=96&d=mm&r=g","url":"https:\/\/secure.gravatar.com\/avatar\/76e7c2d93cee5a50bf741369ed587db81d9b815d7da83d5b725a253106747bd5?s=96&d=mm&r=g","contentUrl":"https:\/\/secure.gravatar.com\/avatar\/76e7c2d93cee5a50bf741369ed587db81d9b815d7da83d5b725a253106747bd5?s=96&d=mm&r=g","caption":"Administrador"},"sameAs":["http:\/\/www.jf-sbrasalportel.pt"],"url":"https:\/\/jf-sbrasalportel.pt\/jfsba\/author\/admin_jfsba\/"}]}},"_links":{"self":[{"href":"https:\/\/jf-sbrasalportel.pt\/jfsba\/wp-json\/wp\/v2\/posts\/1408","targetHints":{"allow":["GET"]}}],"collection":[{"href":"https:\/\/jf-sbrasalportel.pt\/jfsba\/wp-json\/wp\/v2\/posts"}],"about":[{"href":"https:\/\/jf-sbrasalportel.pt\/jfsba\/wp-json\/wp\/v2\/types\/post"}],"author":[{"embeddable":true,"href":"https:\/\/jf-sbrasalportel.pt\/jfsba\/wp-json\/wp\/v2\/users\/1"}],"replies":[{"embeddable":true,"href":"https:\/\/jf-sbrasalportel.pt\/jfsba\/wp-json\/wp\/v2\/comments?post=1408"}],"version-history":[{"count":3,"href":"https:\/\/jf-sbrasalportel.pt\/jfsba\/wp-json\/wp\/v2\/posts\/1408\/revisions"}],"predecessor-version":[{"id":1895,"href":"https:\/\/jf-sbrasalportel.pt\/jfsba\/wp-json\/wp\/v2\/posts\/1408\/revisions\/1895"}],"wp:attachment":[{"href":"https:\/\/jf-sbrasalportel.pt\/jfsba\/wp-json\/wp\/v2\/media?parent=1408"}],"wp:term":[{"taxonomy":"category","embeddable":true,"href":"https:\/\/jf-sbrasalportel.pt\/jfsba\/wp-json\/wp\/v2\/categories?post=1408"},{"taxonomy":"post_tag","embeddable":true,"href":"https:\/\/jf-sbrasalportel.pt\/jfsba\/wp-json\/wp\/v2\/tags?post=1408"}],"curies":[{"name":"wp","href":"https:\/\/api.w.org\/{rel}","templated":true}]}}