{"id":1327,"date":"2015-09-27T00:45:12","date_gmt":"2015-09-27T00:45:12","guid":{"rendered":"http:\/\/jf-sbrasalportel.pt\/jf\/?p=1327"},"modified":"2017-11-07T13:47:40","modified_gmt":"2017-11-07T13:47:40","slug":"a-universidade-senior-prepara-se-para-iniciar-mais-um-ano-letivo","status":"publish","type":"post","link":"https:\/\/jf-sbrasalportel.pt\/jfsba\/a-universidade-senior-prepara-se-para-iniciar-mais-um-ano-letivo\/","title":{"rendered":"Universidade S\u00e9nior prepara-se para iniciar o seu s\u00e9timo ano de atividade."},"content":{"rendered":"<p>&nbsp;<\/p>\n<p><img loading=\"lazy\" decoding=\"async\" class=\"size-medium wp-image-1896 alignnone\" src=\"https:\/\/jf-sbrasalportel.pt\/jfsba\/wp-content\/uploads\/2015\/09\/Universidade_Senior_SBA-300x89.png\" alt=\"\" width=\"300\" height=\"89\"><\/p>\n<p>&nbsp;<\/p>\n<p>A Universidade S\u00e9nior \u00e9 um&nbsp;projeto de forma\u00e7\u00e3o cont\u00ednua, promovido pela Junta de Freguesia com o apoio da C\u00e2mara Municipal e procura proporcionar a homens e mulheres com 55 ou mais anos, uma resposta alternativa \u00e0 ocupa\u00e7\u00e3o do seu tempo livre, oferecendo um leque variado de disciplinas, visitas de estudo tem\u00e1ticas, participa\u00e7\u00e3o em programas e projetos de interesse comunit\u00e1rio, entre muitas outras atividades.<\/p>\n<p>&nbsp;<\/p>\n<h2><strong><em>Universidade S\u00e9nior\u2026 uma Escola de Vida !<\/em><\/strong><\/h2>\n<p>&nbsp;<\/p>\n<ul>\n<li><strong>Espa\u00e7o sede: <\/strong>Junta de Freguesia de S\u00e3o Br\u00e1s de Alportel<\/li>\n<li><strong>Espa\u00e7o de realiza\u00e7\u00e3o da maioria das aulas:<\/strong> Centro de Artes e Of\u00edcios<\/li>\n<\/ul>\n<h2><strong>Disciplinas (20):<\/strong><\/h2>\n<ul>\n<li>Inform\u00e1tica;<\/li>\n<li>Ci\u00eancias da Terra,<\/li>\n<li>Meteorologia e Clima;<\/li>\n<li>Psicologia;<\/li>\n<li>Hist\u00f3ria;<\/li>\n<li>Direito;<\/li>\n<li>Economia;<\/li>\n<li>Literatura;<\/li>\n<li>Franc\u00eas;<\/li>\n<li>Espanhol;<\/li>\n<li>Sa\u00fade e Qualidade de Vida;<\/li>\n<li>Educa\u00e7\u00e3o para os Direitos Humanos;<\/li>\n<li>Canto Coral Popular;<\/li>\n<li>Introdu\u00e7\u00e3o \u00e0 Homeopatia;<\/li>\n<li>Teologia;<\/li>\n<li>Mente Viva;<\/li>\n<li>Frioleiras;<\/li>\n<li>Bordados da Madeira;<\/li>\n<li>Bilros;<\/li>\n<li>Artes Pl\u00e1sticas<\/li>\n<li>Pintura a \u00f3leo.<\/li>\n<\/ul>\n<p><strong>In\u00edcio das aulas:<\/strong> 2 de Novembro<\/p>\n<p>&nbsp;<\/p>\n<h3>SESS\u00c3O DE APRESENTA\u00c7\u00c2O DO ANO LETIVO 2015\/2016<\/h3>\n<p><strong>Dia 1| quinta-feira | 15h30 | Cineteatro S\u00e3o Br\u00e1s<\/strong><\/p>\n<p>&nbsp;<\/p>\n<h2>Inscri\u00e7\u00f5es para o ano letivo de 2015\/2016<\/h2>\n<p>De 5 a 23 de Outubro | Junta de Freguesia<br \/>\n<strong>Hor\u00e1rio:<\/strong> 9h00 \u00e0s 13h00 | 14h00 \u00e0s 17h00<\/p>\n<p><u>Documentos necess\u00e1rios:<br \/>\n<\/u>Inscri\u00e7\u00e3o pela 1\u00aa vez: 2 fotografias tipo passe, cart\u00e3o de cidad\u00e3o ou bilhete de identidade e cart\u00e3o de contribuinte e o pagamento do seguro anual obrigat\u00f3rio no valor de 10,06 \u20ac.<\/p>\n<p><span style=\"text-decoration: underline;\">Para renovar a inscri\u00e7\u00e3o:<\/span> <br \/>\nCart\u00e3o de aluno, cart\u00e3o de cidad\u00e3o ou cart\u00e3o de contribuinte e o pagamento do seguro anual obrigat\u00f3rio no valor de 10,06 \u20ac.<\/p>\n<p><span style=\"text-decoration: underline;\">Para mais informa\u00e7\u00f5es:<\/span><br \/>\nContactar a Junta de Freguesia de S\u00e3o Br\u00e1s de Alportel atrav\u00e9s do tel. 289 842 219 ou e-mail: <a href=\"mailto:universidadesenior.sba@gmail.com\">universidadesenior.sba@gmail.com<\/a><\/p>\n","protected":false},"excerpt":{"rendered":"<p>&nbsp; &nbsp; A Universidade S\u00e9nior \u00e9 um&nbsp;projeto de forma\u00e7\u00e3o cont\u00ednua, promovido pela Junta de Freguesia com o apoio da C\u00e2mara Municipal e procura proporcionar a homens e mulheres com 55 ou mais anos, uma resposta alternativa \u00e0 ocupa\u00e7\u00e3o do seu tempo livre, oferecendo um leque variado de disciplinas, visitas de estudo tem\u00e1ticas, participa\u00e7\u00e3o em programas &hellip; <a href=\"https:\/\/jf-sbrasalportel.pt\/jfsba\/a-universidade-senior-prepara-se-para-iniciar-mais-um-ano-letivo\/\" class=\"more-link\">Continuar a ler<span class=\"screen-reader-text\">Universidade S\u00e9nior prepara-se para iniciar o seu s\u00e9timo ano de atividade.<\/span> <span class=\"meta-nav\">&rarr;<\/span><\/a><\/p>\n","protected":false},"author":1,"featured_media":0,"comment_status":"closed","ping_status":"closed","sticky":false,"template":"","format":"standard","meta":{"_monsterinsights_skip_tracking":false,"_monsterinsights_sitenote_active":false,"_monsterinsights_sitenote_note":"","_monsterinsights_sitenote_category":0,"ngg_post_thumbnail":0,"footnotes":""},"categories":[1],"tags":[19,16,14,18,15,17,13],"class_list":["post-1327","post","type-post","status-publish","format-standard","hentry","category-noticias","tag-disciplinas","tag-escola-de-vida","tag-freguesia","tag-sao-bras-de-alportel","tag-senior","tag-universidade","tag-universidade-senior"],"yoast_head":"<!-- This site is optimized with the Yoast SEO plugin v27.5 - https:\/\/yoast.com\/product\/yoast-seo-wordpress\/ -->\n<title>Universidade S\u00e9nior prepara-se para iniciar o seu s\u00e9timo ano de atividade. - Junta de Freguesia de S\u00e3o Br\u00e1s de Alportel<\/title>\n<meta name=\"robots\" content=\"index, follow, max-snippet:-1, max-image-preview:large, max-video-preview:-1\" \/>\n<link rel=\"canonical\" href=\"https:\/\/jf-sbrasalportel.pt\/jfsba\/a-universidade-senior-prepara-se-para-iniciar-mais-um-ano-letivo\/\" \/>\n<meta property=\"og:locale\" content=\"pt_PT\" \/>\n<meta property=\"og:type\" content=\"article\" \/>\n<meta property=\"og:title\" content=\"Universidade S\u00e9nior prepara-se para iniciar o seu s\u00e9timo ano de atividade. - Junta de Freguesia de S\u00e3o Br\u00e1s de Alportel\" \/>\n<meta property=\"og:description\" content=\"&nbsp; &nbsp; A Universidade S\u00e9nior \u00e9 um&nbsp;projeto de forma\u00e7\u00e3o cont\u00ednua, promovido pela Junta de Freguesia com o apoio da C\u00e2mara Municipal e procura proporcionar a homens e mulheres com 55 ou mais anos, uma resposta alternativa \u00e0 ocupa\u00e7\u00e3o do seu tempo livre, oferecendo um leque variado de disciplinas, visitas de estudo tem\u00e1ticas, participa\u00e7\u00e3o em programas &hellip; Continuar a lerUniversidade S\u00e9nior prepara-se para iniciar o seu s\u00e9timo ano de atividade. &rarr;\" \/>\n<meta property=\"og:url\" content=\"https:\/\/jf-sbrasalportel.pt\/jfsba\/a-universidade-senior-prepara-se-para-iniciar-mais-um-ano-letivo\/\" \/>\n<meta property=\"og:site_name\" content=\"Junta de Freguesia de S\u00e3o Br\u00e1s de Alportel\" \/>\n<meta property=\"article:published_time\" content=\"2015-09-27T00:45:12+00:00\" \/>\n<meta property=\"article:modified_time\" content=\"2017-11-07T13:47:40+00:00\" \/>\n<meta property=\"og:image\" content=\"http:\/\/jf-sbrasalportel.pt\/jfsba\/wp-content\/uploads\/2015\/09\/Universidade_Senior_SBA-300x89.png\" \/>\n<meta name=\"author\" content=\"Administrador\" \/>\n<meta name=\"twitter:card\" content=\"summary_large_image\" \/>\n<meta name=\"twitter:label1\" content=\"Escrito por\" \/>\n\t<meta name=\"twitter:data1\" content=\"Administrador\" \/>\n\t<meta name=\"twitter:label2\" content=\"Tempo estimado de leitura\" \/>\n\t<meta name=\"twitter:data2\" content=\"1 minuto\" \/>\n<script type=\"application\/ld+json\" class=\"yoast-schema-graph\">{\"@context\":\"https:\\\/\\\/schema.org\",\"@graph\":[{\"@type\":\"Article\",\"@id\":\"https:\\\/\\\/jf-sbrasalportel.pt\\\/jfsba\\\/a-universidade-senior-prepara-se-para-iniciar-mais-um-ano-letivo\\\/#article\",\"isPartOf\":{\"@id\":\"https:\\\/\\\/jf-sbrasalportel.pt\\\/jfsba\\\/a-universidade-senior-prepara-se-para-iniciar-mais-um-ano-letivo\\\/\"},\"author\":{\"name\":\"Administrador\",\"@id\":\"https:\\\/\\\/jf-sbrasalportel.pt\\\/jfsba\\\/#\\\/schema\\\/person\\\/3c45b98690e998c100dcef2e2cf4306a\"},\"headline\":\"Universidade S\u00e9nior prepara-se para iniciar o seu s\u00e9timo ano de atividade.\",\"datePublished\":\"2015-09-27T00:45:12+00:00\",\"dateModified\":\"2017-11-07T13:47:40+00:00\",\"mainEntityOfPage\":{\"@id\":\"https:\\\/\\\/jf-sbrasalportel.pt\\\/jfsba\\\/a-universidade-senior-prepara-se-para-iniciar-mais-um-ano-letivo\\\/\"},\"wordCount\":309,\"image\":{\"@id\":\"https:\\\/\\\/jf-sbrasalportel.pt\\\/jfsba\\\/a-universidade-senior-prepara-se-para-iniciar-mais-um-ano-letivo\\\/#primaryimage\"},\"thumbnailUrl\":\"http:\\\/\\\/jf-sbrasalportel.pt\\\/jfsba\\\/wp-content\\\/uploads\\\/2015\\\/09\\\/Universidade_Senior_SBA-300x89.png\",\"keywords\":[\"Disciplinas\",\"Escola de Vida\",\"Freguesia\",\"S\u00e3o Br\u00e1s de Alportel\",\"S\u00e9nior\",\"Universidade\",\"Universidade S\u00e9nior\"],\"articleSection\":[\"Not\u00edcias e Eventos\"],\"inLanguage\":\"pt-PT\"},{\"@type\":\"WebPage\",\"@id\":\"https:\\\/\\\/jf-sbrasalportel.pt\\\/jfsba\\\/a-universidade-senior-prepara-se-para-iniciar-mais-um-ano-letivo\\\/\",\"url\":\"https:\\\/\\\/jf-sbrasalportel.pt\\\/jfsba\\\/a-universidade-senior-prepara-se-para-iniciar-mais-um-ano-letivo\\\/\",\"name\":\"Universidade S\u00e9nior prepara-se para iniciar o seu s\u00e9timo ano de atividade. - Junta de Freguesia de S\u00e3o Br\u00e1s de Alportel\",\"isPartOf\":{\"@id\":\"https:\\\/\\\/jf-sbrasalportel.pt\\\/jfsba\\\/#website\"},\"primaryImageOfPage\":{\"@id\":\"https:\\\/\\\/jf-sbrasalportel.pt\\\/jfsba\\\/a-universidade-senior-prepara-se-para-iniciar-mais-um-ano-letivo\\\/#primaryimage\"},\"image\":{\"@id\":\"https:\\\/\\\/jf-sbrasalportel.pt\\\/jfsba\\\/a-universidade-senior-prepara-se-para-iniciar-mais-um-ano-letivo\\\/#primaryimage\"},\"thumbnailUrl\":\"http:\\\/\\\/jf-sbrasalportel.pt\\\/jfsba\\\/wp-content\\\/uploads\\\/2015\\\/09\\\/Universidade_Senior_SBA-300x89.png\",\"datePublished\":\"2015-09-27T00:45:12+00:00\",\"dateModified\":\"2017-11-07T13:47:40+00:00\",\"author\":{\"@id\":\"https:\\\/\\\/jf-sbrasalportel.pt\\\/jfsba\\\/#\\\/schema\\\/person\\\/3c45b98690e998c100dcef2e2cf4306a\"},\"breadcrumb\":{\"@id\":\"https:\\\/\\\/jf-sbrasalportel.pt\\\/jfsba\\\/a-universidade-senior-prepara-se-para-iniciar-mais-um-ano-letivo\\\/#breadcrumb\"},\"inLanguage\":\"pt-PT\",\"potentialAction\":[{\"@type\":\"ReadAction\",\"target\":[\"https:\\\/\\\/jf-sbrasalportel.pt\\\/jfsba\\\/a-universidade-senior-prepara-se-para-iniciar-mais-um-ano-letivo\\\/\"]}]},{\"@type\":\"ImageObject\",\"inLanguage\":\"pt-PT\",\"@id\":\"https:\\\/\\\/jf-sbrasalportel.pt\\\/jfsba\\\/a-universidade-senior-prepara-se-para-iniciar-mais-um-ano-letivo\\\/#primaryimage\",\"url\":\"http:\\\/\\\/jf-sbrasalportel.pt\\\/jfsba\\\/wp-content\\\/uploads\\\/2015\\\/09\\\/Universidade_Senior_SBA-300x89.png\",\"contentUrl\":\"http:\\\/\\\/jf-sbrasalportel.pt\\\/jfsba\\\/wp-content\\\/uploads\\\/2015\\\/09\\\/Universidade_Senior_SBA-300x89.png\"},{\"@type\":\"BreadcrumbList\",\"@id\":\"https:\\\/\\\/jf-sbrasalportel.pt\\\/jfsba\\\/a-universidade-senior-prepara-se-para-iniciar-mais-um-ano-letivo\\\/#breadcrumb\",\"itemListElement\":[{\"@type\":\"ListItem\",\"position\":1,\"name\":\"In\u00edcio\",\"item\":\"https:\\\/\\\/jf-sbrasalportel.pt\\\/jfsba\\\/\"},{\"@type\":\"ListItem\",\"position\":2,\"name\":\"Universidade S\u00e9nior prepara-se para iniciar o seu s\u00e9timo ano de atividade.\"}]},{\"@type\":\"WebSite\",\"@id\":\"https:\\\/\\\/jf-sbrasalportel.pt\\\/jfsba\\\/#website\",\"url\":\"https:\\\/\\\/jf-sbrasalportel.pt\\\/jfsba\\\/\",\"name\":\"Junta de Freguesia de S\u00e3o Br\u00e1s de Alportel\",\"description\":\"Site institucional da Freguesia de S\u00e3o Br\u00e1s de Alportel\",\"potentialAction\":[{\"@type\":\"SearchAction\",\"target\":{\"@type\":\"EntryPoint\",\"urlTemplate\":\"https:\\\/\\\/jf-sbrasalportel.pt\\\/jfsba\\\/?s={search_term_string}\"},\"query-input\":{\"@type\":\"PropertyValueSpecification\",\"valueRequired\":true,\"valueName\":\"search_term_string\"}}],\"inLanguage\":\"pt-PT\"},{\"@type\":\"Person\",\"@id\":\"https:\\\/\\\/jf-sbrasalportel.pt\\\/jfsba\\\/#\\\/schema\\\/person\\\/3c45b98690e998c100dcef2e2cf4306a\",\"name\":\"Administrador\",\"image\":{\"@type\":\"ImageObject\",\"inLanguage\":\"pt-PT\",\"@id\":\"https:\\\/\\\/secure.gravatar.com\\\/avatar\\\/76e7c2d93cee5a50bf741369ed587db81d9b815d7da83d5b725a253106747bd5?s=96&d=mm&r=g\",\"url\":\"https:\\\/\\\/secure.gravatar.com\\\/avatar\\\/76e7c2d93cee5a50bf741369ed587db81d9b815d7da83d5b725a253106747bd5?s=96&d=mm&r=g\",\"contentUrl\":\"https:\\\/\\\/secure.gravatar.com\\\/avatar\\\/76e7c2d93cee5a50bf741369ed587db81d9b815d7da83d5b725a253106747bd5?s=96&d=mm&r=g\",\"caption\":\"Administrador\"},\"sameAs\":[\"http:\\\/\\\/www.jf-sbrasalportel.pt\"],\"url\":\"https:\\\/\\\/jf-sbrasalportel.pt\\\/jfsba\\\/author\\\/admin_jfsba\\\/\"}]}<\/script>\n<!-- \/ Yoast SEO plugin. -->","yoast_head_json":{"title":"Universidade S\u00e9nior prepara-se para iniciar o seu s\u00e9timo ano de atividade. - Junta de Freguesia de S\u00e3o Br\u00e1s de Alportel","robots":{"index":"index","follow":"follow","max-snippet":"max-snippet:-1","max-image-preview":"max-image-preview:large","max-video-preview":"max-video-preview:-1"},"canonical":"https:\/\/jf-sbrasalportel.pt\/jfsba\/a-universidade-senior-prepara-se-para-iniciar-mais-um-ano-letivo\/","og_locale":"pt_PT","og_type":"article","og_title":"Universidade S\u00e9nior prepara-se para iniciar o seu s\u00e9timo ano de atividade. - Junta de Freguesia de S\u00e3o Br\u00e1s de Alportel","og_description":"&nbsp; &nbsp; A Universidade S\u00e9nior \u00e9 um&nbsp;projeto de forma\u00e7\u00e3o cont\u00ednua, promovido pela Junta de Freguesia com o apoio da C\u00e2mara Municipal e procura proporcionar a homens e mulheres com 55 ou mais anos, uma resposta alternativa \u00e0 ocupa\u00e7\u00e3o do seu tempo livre, oferecendo um leque variado de disciplinas, visitas de estudo tem\u00e1ticas, participa\u00e7\u00e3o em programas &hellip; Continuar a lerUniversidade S\u00e9nior prepara-se para iniciar o seu s\u00e9timo ano de atividade. &rarr;","og_url":"https:\/\/jf-sbrasalportel.pt\/jfsba\/a-universidade-senior-prepara-se-para-iniciar-mais-um-ano-letivo\/","og_site_name":"Junta de Freguesia de S\u00e3o Br\u00e1s de Alportel","article_published_time":"2015-09-27T00:45:12+00:00","article_modified_time":"2017-11-07T13:47:40+00:00","og_image":[{"url":"http:\/\/jf-sbrasalportel.pt\/jfsba\/wp-content\/uploads\/2015\/09\/Universidade_Senior_SBA-300x89.png","type":"","width":"","height":""}],"author":"Administrador","twitter_card":"summary_large_image","twitter_misc":{"Escrito por":"Administrador","Tempo estimado de leitura":"1 minuto"},"schema":{"@context":"https:\/\/schema.org","@graph":[{"@type":"Article","@id":"https:\/\/jf-sbrasalportel.pt\/jfsba\/a-universidade-senior-prepara-se-para-iniciar-mais-um-ano-letivo\/#article","isPartOf":{"@id":"https:\/\/jf-sbrasalportel.pt\/jfsba\/a-universidade-senior-prepara-se-para-iniciar-mais-um-ano-letivo\/"},"author":{"name":"Administrador","@id":"https:\/\/jf-sbrasalportel.pt\/jfsba\/#\/schema\/person\/3c45b98690e998c100dcef2e2cf4306a"},"headline":"Universidade S\u00e9nior prepara-se para iniciar o seu s\u00e9timo ano de atividade.","datePublished":"2015-09-27T00:45:12+00:00","dateModified":"2017-11-07T13:47:40+00:00","mainEntityOfPage":{"@id":"https:\/\/jf-sbrasalportel.pt\/jfsba\/a-universidade-senior-prepara-se-para-iniciar-mais-um-ano-letivo\/"},"wordCount":309,"image":{"@id":"https:\/\/jf-sbrasalportel.pt\/jfsba\/a-universidade-senior-prepara-se-para-iniciar-mais-um-ano-letivo\/#primaryimage"},"thumbnailUrl":"http:\/\/jf-sbrasalportel.pt\/jfsba\/wp-content\/uploads\/2015\/09\/Universidade_Senior_SBA-300x89.png","keywords":["Disciplinas","Escola de Vida","Freguesia","S\u00e3o Br\u00e1s de Alportel","S\u00e9nior","Universidade","Universidade S\u00e9nior"],"articleSection":["Not\u00edcias e Eventos"],"inLanguage":"pt-PT"},{"@type":"WebPage","@id":"https:\/\/jf-sbrasalportel.pt\/jfsba\/a-universidade-senior-prepara-se-para-iniciar-mais-um-ano-letivo\/","url":"https:\/\/jf-sbrasalportel.pt\/jfsba\/a-universidade-senior-prepara-se-para-iniciar-mais-um-ano-letivo\/","name":"Universidade S\u00e9nior prepara-se para iniciar o seu s\u00e9timo ano de atividade. - Junta de Freguesia de S\u00e3o Br\u00e1s de Alportel","isPartOf":{"@id":"https:\/\/jf-sbrasalportel.pt\/jfsba\/#website"},"primaryImageOfPage":{"@id":"https:\/\/jf-sbrasalportel.pt\/jfsba\/a-universidade-senior-prepara-se-para-iniciar-mais-um-ano-letivo\/#primaryimage"},"image":{"@id":"https:\/\/jf-sbrasalportel.pt\/jfsba\/a-universidade-senior-prepara-se-para-iniciar-mais-um-ano-letivo\/#primaryimage"},"thumbnailUrl":"http:\/\/jf-sbrasalportel.pt\/jfsba\/wp-content\/uploads\/2015\/09\/Universidade_Senior_SBA-300x89.png","datePublished":"2015-09-27T00:45:12+00:00","dateModified":"2017-11-07T13:47:40+00:00","author":{"@id":"https:\/\/jf-sbrasalportel.pt\/jfsba\/#\/schema\/person\/3c45b98690e998c100dcef2e2cf4306a"},"breadcrumb":{"@id":"https:\/\/jf-sbrasalportel.pt\/jfsba\/a-universidade-senior-prepara-se-para-iniciar-mais-um-ano-letivo\/#breadcrumb"},"inLanguage":"pt-PT","potentialAction":[{"@type":"ReadAction","target":["https:\/\/jf-sbrasalportel.pt\/jfsba\/a-universidade-senior-prepara-se-para-iniciar-mais-um-ano-letivo\/"]}]},{"@type":"ImageObject","inLanguage":"pt-PT","@id":"https:\/\/jf-sbrasalportel.pt\/jfsba\/a-universidade-senior-prepara-se-para-iniciar-mais-um-ano-letivo\/#primaryimage","url":"http:\/\/jf-sbrasalportel.pt\/jfsba\/wp-content\/uploads\/2015\/09\/Universidade_Senior_SBA-300x89.png","contentUrl":"http:\/\/jf-sbrasalportel.pt\/jfsba\/wp-content\/uploads\/2015\/09\/Universidade_Senior_SBA-300x89.png"},{"@type":"BreadcrumbList","@id":"https:\/\/jf-sbrasalportel.pt\/jfsba\/a-universidade-senior-prepara-se-para-iniciar-mais-um-ano-letivo\/#breadcrumb","itemListElement":[{"@type":"ListItem","position":1,"name":"In\u00edcio","item":"https:\/\/jf-sbrasalportel.pt\/jfsba\/"},{"@type":"ListItem","position":2,"name":"Universidade S\u00e9nior prepara-se para iniciar o seu s\u00e9timo ano de atividade."}]},{"@type":"WebSite","@id":"https:\/\/jf-sbrasalportel.pt\/jfsba\/#website","url":"https:\/\/jf-sbrasalportel.pt\/jfsba\/","name":"Junta de Freguesia de S\u00e3o Br\u00e1s de Alportel","description":"Site institucional da Freguesia de S\u00e3o Br\u00e1s de Alportel","potentialAction":[{"@type":"SearchAction","target":{"@type":"EntryPoint","urlTemplate":"https:\/\/jf-sbrasalportel.pt\/jfsba\/?s={search_term_string}"},"query-input":{"@type":"PropertyValueSpecification","valueRequired":true,"valueName":"search_term_string"}}],"inLanguage":"pt-PT"},{"@type":"Person","@id":"https:\/\/jf-sbrasalportel.pt\/jfsba\/#\/schema\/person\/3c45b98690e998c100dcef2e2cf4306a","name":"Administrador","image":{"@type":"ImageObject","inLanguage":"pt-PT","@id":"https:\/\/secure.gravatar.com\/avatar\/76e7c2d93cee5a50bf741369ed587db81d9b815d7da83d5b725a253106747bd5?s=96&d=mm&r=g","url":"https:\/\/secure.gravatar.com\/avatar\/76e7c2d93cee5a50bf741369ed587db81d9b815d7da83d5b725a253106747bd5?s=96&d=mm&r=g","contentUrl":"https:\/\/secure.gravatar.com\/avatar\/76e7c2d93cee5a50bf741369ed587db81d9b815d7da83d5b725a253106747bd5?s=96&d=mm&r=g","caption":"Administrador"},"sameAs":["http:\/\/www.jf-sbrasalportel.pt"],"url":"https:\/\/jf-sbrasalportel.pt\/jfsba\/author\/admin_jfsba\/"}]}},"_links":{"self":[{"href":"https:\/\/jf-sbrasalportel.pt\/jfsba\/wp-json\/wp\/v2\/posts\/1327","targetHints":{"allow":["GET"]}}],"collection":[{"href":"https:\/\/jf-sbrasalportel.pt\/jfsba\/wp-json\/wp\/v2\/posts"}],"about":[{"href":"https:\/\/jf-sbrasalportel.pt\/jfsba\/wp-json\/wp\/v2\/types\/post"}],"author":[{"embeddable":true,"href":"https:\/\/jf-sbrasalportel.pt\/jfsba\/wp-json\/wp\/v2\/users\/1"}],"replies":[{"embeddable":true,"href":"https:\/\/jf-sbrasalportel.pt\/jfsba\/wp-json\/wp\/v2\/comments?post=1327"}],"version-history":[{"count":5,"href":"https:\/\/jf-sbrasalportel.pt\/jfsba\/wp-json\/wp\/v2\/posts\/1327\/revisions"}],"predecessor-version":[{"id":1897,"href":"https:\/\/jf-sbrasalportel.pt\/jfsba\/wp-json\/wp\/v2\/posts\/1327\/revisions\/1897"}],"wp:attachment":[{"href":"https:\/\/jf-sbrasalportel.pt\/jfsba\/wp-json\/wp\/v2\/media?parent=1327"}],"wp:term":[{"taxonomy":"category","embeddable":true,"href":"https:\/\/jf-sbrasalportel.pt\/jfsba\/wp-json\/wp\/v2\/categories?post=1327"},{"taxonomy":"post_tag","embeddable":true,"href":"https:\/\/jf-sbrasalportel.pt\/jfsba\/wp-json\/wp\/v2\/tags?post=1327"}],"curies":[{"name":"wp","href":"https:\/\/api.w.org\/{rel}","templated":true}]}}