{"id":1162,"date":"2015-02-04T12:38:05","date_gmt":"2015-02-04T12:38:05","guid":{"rendered":"http:\/\/jf-sbrasalportel.pt\/jf\/?p=1162"},"modified":"2017-11-07T13:49:49","modified_gmt":"2017-11-07T13:49:49","slug":"baile-de-carnaval-cha-dancante","status":"publish","type":"post","link":"https:\/\/jf-sbrasalportel.pt\/jfsba\/baile-de-carnaval-cha-dancante\/","title":{"rendered":"Baile de Carnaval &#8220;Ch\u00e1 Dan\u00e7ante&#8221;"},"content":{"rendered":"<p style=\"text-align: center;\">A Junta de Fre<a href=\"https:\/\/jf-sbrasalportel.pt\/jfsba\/wp-content\/uploads\/2015\/02\/cartaz-carnaval.jpg\"><img loading=\"lazy\" decoding=\"async\" class=\"alignright wp-image-1163 size-medium\" src=\"https:\/\/jf-sbrasalportel.pt\/jfsba\/wp-content\/uploads\/2015\/02\/cartaz-carnaval-212x300.jpg\" alt=\"cartaz carnaval\" width=\"212\" height=\"300\" srcset=\"https:\/\/jf-sbrasalportel.pt\/jfsba\/wp-content\/uploads\/2015\/02\/cartaz-carnaval-212x300.jpg 212w, https:\/\/jf-sbrasalportel.pt\/jfsba\/wp-content\/uploads\/2015\/02\/cartaz-carnaval-724x1024.jpg 724w, https:\/\/jf-sbrasalportel.pt\/jfsba\/wp-content\/uploads\/2015\/02\/cartaz-carnaval.jpg 794w\" sizes=\"auto, (max-width: 212px) 100vw, 212px\" \/><\/a>guesia tem o enorme prazer de convidar&nbsp;&nbsp;toda a popula\u00e7\u00e3o a participar no Ch\u00e1 Dan\u00e7ante que se realizar\u00e1 dia 14 de fevereiro, s\u00e1bado pelas 15:00 no Pavilh\u00e3o dos Bombeiros Volunt\u00e1rios de S. Br\u00e1s de Alportel.<\/p>\n<p>Anima\u00e7\u00e3o com S\u00e9rgio Concei\u00e7\u00e3o<\/p>\n<p>Entrada = 1 apito<\/p>\n<p>Venha animar o seu Carnaval!<\/p>\n","protected":false},"excerpt":{"rendered":"<p>A Junta de Freguesia tem o enorme prazer de convidar&nbsp;&nbsp;toda a popula\u00e7\u00e3o a participar no Ch\u00e1 Dan\u00e7ante que se realizar\u00e1 dia 14 de fevereiro, s\u00e1bado pelas 15:00 no Pavilh\u00e3o dos Bombeiros Volunt\u00e1rios de S. Br\u00e1s de Alportel. Anima\u00e7\u00e3o com S\u00e9rgio Concei\u00e7\u00e3o Entrada = 1 apito Venha animar o seu Carnaval!<\/p>\n","protected":false},"author":2,"featured_media":0,"comment_status":"closed","ping_status":"closed","sticky":false,"template":"","format":"standard","meta":{"_monsterinsights_skip_tracking":false,"_monsterinsights_sitenote_active":false,"_monsterinsights_sitenote_note":"","_monsterinsights_sitenote_category":0,"ngg_post_thumbnail":0,"footnotes":""},"categories":[1],"tags":[],"class_list":["post-1162","post","type-post","status-publish","format-standard","hentry","category-noticias"],"yoast_head":"<!-- This site is optimized with the Yoast SEO plugin v27.5 - https:\/\/yoast.com\/product\/yoast-seo-wordpress\/ -->\n<title>Baile de Carnaval &quot;Ch\u00e1 Dan\u00e7ante&quot; - Junta de Freguesia de S\u00e3o Br\u00e1s de Alportel<\/title>\n<meta name=\"robots\" content=\"index, follow, max-snippet:-1, max-image-preview:large, max-video-preview:-1\" \/>\n<link rel=\"canonical\" href=\"https:\/\/jf-sbrasalportel.pt\/jfsba\/baile-de-carnaval-cha-dancante\/\" \/>\n<meta property=\"og:locale\" content=\"pt_PT\" \/>\n<meta property=\"og:type\" content=\"article\" \/>\n<meta property=\"og:title\" content=\"Baile de Carnaval &quot;Ch\u00e1 Dan\u00e7ante&quot; - Junta de Freguesia de S\u00e3o Br\u00e1s de Alportel\" \/>\n<meta property=\"og:description\" content=\"A Junta de Freguesia tem o enorme prazer de convidar&nbsp;&nbsp;toda a popula\u00e7\u00e3o a participar no Ch\u00e1 Dan\u00e7ante que se realizar\u00e1 dia 14 de fevereiro, s\u00e1bado pelas 15:00 no Pavilh\u00e3o dos Bombeiros Volunt\u00e1rios de S. Br\u00e1s de Alportel. Anima\u00e7\u00e3o com S\u00e9rgio Concei\u00e7\u00e3o Entrada = 1 apito Venha animar o seu Carnaval!\" \/>\n<meta property=\"og:url\" content=\"https:\/\/jf-sbrasalportel.pt\/jfsba\/baile-de-carnaval-cha-dancante\/\" \/>\n<meta property=\"og:site_name\" content=\"Junta de Freguesia de S\u00e3o Br\u00e1s de Alportel\" \/>\n<meta property=\"article:published_time\" content=\"2015-02-04T12:38:05+00:00\" \/>\n<meta property=\"article:modified_time\" content=\"2017-11-07T13:49:49+00:00\" \/>\n<meta property=\"og:image\" content=\"http:\/\/jf-sbrasalportel.pt\/jfsba\/wp-content\/uploads\/2015\/02\/cartaz-carnaval-212x300.jpg\" \/>\n<meta name=\"author\" content=\"Editor03\" \/>\n<meta name=\"twitter:card\" content=\"summary_large_image\" \/>\n<meta name=\"twitter:label1\" content=\"Escrito por\" \/>\n\t<meta name=\"twitter:data1\" content=\"Editor03\" \/>\n<script type=\"application\/ld+json\" class=\"yoast-schema-graph\">{\"@context\":\"https:\\\/\\\/schema.org\",\"@graph\":[{\"@type\":\"Article\",\"@id\":\"https:\\\/\\\/jf-sbrasalportel.pt\\\/jfsba\\\/baile-de-carnaval-cha-dancante\\\/#article\",\"isPartOf\":{\"@id\":\"https:\\\/\\\/jf-sbrasalportel.pt\\\/jfsba\\\/baile-de-carnaval-cha-dancante\\\/\"},\"author\":{\"name\":\"Editor03\",\"@id\":\"https:\\\/\\\/jf-sbrasalportel.pt\\\/jfsba\\\/#\\\/schema\\\/person\\\/5aaac60e83bbe2f62e12ce5a829a45bf\"},\"headline\":\"Baile de Carnaval &#8220;Ch\u00e1 Dan\u00e7ante&#8221;\",\"datePublished\":\"2015-02-04T12:38:05+00:00\",\"dateModified\":\"2017-11-07T13:49:49+00:00\",\"mainEntityOfPage\":{\"@id\":\"https:\\\/\\\/jf-sbrasalportel.pt\\\/jfsba\\\/baile-de-carnaval-cha-dancante\\\/\"},\"wordCount\":65,\"image\":{\"@id\":\"https:\\\/\\\/jf-sbrasalportel.pt\\\/jfsba\\\/baile-de-carnaval-cha-dancante\\\/#primaryimage\"},\"thumbnailUrl\":\"http:\\\/\\\/jf-sbrasalportel.pt\\\/jfsba\\\/wp-content\\\/uploads\\\/2015\\\/02\\\/cartaz-carnaval-212x300.jpg\",\"articleSection\":[\"Not\u00edcias e Eventos\"],\"inLanguage\":\"pt-PT\"},{\"@type\":\"WebPage\",\"@id\":\"https:\\\/\\\/jf-sbrasalportel.pt\\\/jfsba\\\/baile-de-carnaval-cha-dancante\\\/\",\"url\":\"https:\\\/\\\/jf-sbrasalportel.pt\\\/jfsba\\\/baile-de-carnaval-cha-dancante\\\/\",\"name\":\"Baile de Carnaval \\\"Ch\u00e1 Dan\u00e7ante\\\" - Junta de Freguesia de S\u00e3o Br\u00e1s de Alportel\",\"isPartOf\":{\"@id\":\"https:\\\/\\\/jf-sbrasalportel.pt\\\/jfsba\\\/#website\"},\"primaryImageOfPage\":{\"@id\":\"https:\\\/\\\/jf-sbrasalportel.pt\\\/jfsba\\\/baile-de-carnaval-cha-dancante\\\/#primaryimage\"},\"image\":{\"@id\":\"https:\\\/\\\/jf-sbrasalportel.pt\\\/jfsba\\\/baile-de-carnaval-cha-dancante\\\/#primaryimage\"},\"thumbnailUrl\":\"http:\\\/\\\/jf-sbrasalportel.pt\\\/jfsba\\\/wp-content\\\/uploads\\\/2015\\\/02\\\/cartaz-carnaval-212x300.jpg\",\"datePublished\":\"2015-02-04T12:38:05+00:00\",\"dateModified\":\"2017-11-07T13:49:49+00:00\",\"author\":{\"@id\":\"https:\\\/\\\/jf-sbrasalportel.pt\\\/jfsba\\\/#\\\/schema\\\/person\\\/5aaac60e83bbe2f62e12ce5a829a45bf\"},\"breadcrumb\":{\"@id\":\"https:\\\/\\\/jf-sbrasalportel.pt\\\/jfsba\\\/baile-de-carnaval-cha-dancante\\\/#breadcrumb\"},\"inLanguage\":\"pt-PT\",\"potentialAction\":[{\"@type\":\"ReadAction\",\"target\":[\"https:\\\/\\\/jf-sbrasalportel.pt\\\/jfsba\\\/baile-de-carnaval-cha-dancante\\\/\"]}]},{\"@type\":\"ImageObject\",\"inLanguage\":\"pt-PT\",\"@id\":\"https:\\\/\\\/jf-sbrasalportel.pt\\\/jfsba\\\/baile-de-carnaval-cha-dancante\\\/#primaryimage\",\"url\":\"http:\\\/\\\/jf-sbrasalportel.pt\\\/jfsba\\\/wp-content\\\/uploads\\\/2015\\\/02\\\/cartaz-carnaval-212x300.jpg\",\"contentUrl\":\"http:\\\/\\\/jf-sbrasalportel.pt\\\/jfsba\\\/wp-content\\\/uploads\\\/2015\\\/02\\\/cartaz-carnaval-212x300.jpg\"},{\"@type\":\"BreadcrumbList\",\"@id\":\"https:\\\/\\\/jf-sbrasalportel.pt\\\/jfsba\\\/baile-de-carnaval-cha-dancante\\\/#breadcrumb\",\"itemListElement\":[{\"@type\":\"ListItem\",\"position\":1,\"name\":\"In\u00edcio\",\"item\":\"https:\\\/\\\/jf-sbrasalportel.pt\\\/jfsba\\\/\"},{\"@type\":\"ListItem\",\"position\":2,\"name\":\"Baile de Carnaval &#8220;Ch\u00e1 Dan\u00e7ante&#8221;\"}]},{\"@type\":\"WebSite\",\"@id\":\"https:\\\/\\\/jf-sbrasalportel.pt\\\/jfsba\\\/#website\",\"url\":\"https:\\\/\\\/jf-sbrasalportel.pt\\\/jfsba\\\/\",\"name\":\"Junta de Freguesia de S\u00e3o Br\u00e1s de Alportel\",\"description\":\"Site institucional da Freguesia de S\u00e3o Br\u00e1s de Alportel\",\"potentialAction\":[{\"@type\":\"SearchAction\",\"target\":{\"@type\":\"EntryPoint\",\"urlTemplate\":\"https:\\\/\\\/jf-sbrasalportel.pt\\\/jfsba\\\/?s={search_term_string}\"},\"query-input\":{\"@type\":\"PropertyValueSpecification\",\"valueRequired\":true,\"valueName\":\"search_term_string\"}}],\"inLanguage\":\"pt-PT\"},{\"@type\":\"Person\",\"@id\":\"https:\\\/\\\/jf-sbrasalportel.pt\\\/jfsba\\\/#\\\/schema\\\/person\\\/5aaac60e83bbe2f62e12ce5a829a45bf\",\"name\":\"Editor03\",\"image\":{\"@type\":\"ImageObject\",\"inLanguage\":\"pt-PT\",\"@id\":\"https:\\\/\\\/secure.gravatar.com\\\/avatar\\\/166bbaed3d176f7dbf0d14e0a9dc46d9d86c16c02268ff481c0c3fba1a84f3e2?s=96&d=mm&r=g\",\"url\":\"https:\\\/\\\/secure.gravatar.com\\\/avatar\\\/166bbaed3d176f7dbf0d14e0a9dc46d9d86c16c02268ff481c0c3fba1a84f3e2?s=96&d=mm&r=g\",\"contentUrl\":\"https:\\\/\\\/secure.gravatar.com\\\/avatar\\\/166bbaed3d176f7dbf0d14e0a9dc46d9d86c16c02268ff481c0c3fba1a84f3e2?s=96&d=mm&r=g\",\"caption\":\"Editor03\"},\"url\":\"https:\\\/\\\/jf-sbrasalportel.pt\\\/jfsba\\\/author\\\/mafalda\\\/\"}]}<\/script>\n<!-- \/ Yoast SEO plugin. -->","yoast_head_json":{"title":"Baile de Carnaval \"Ch\u00e1 Dan\u00e7ante\" - Junta de Freguesia de S\u00e3o Br\u00e1s de Alportel","robots":{"index":"index","follow":"follow","max-snippet":"max-snippet:-1","max-image-preview":"max-image-preview:large","max-video-preview":"max-video-preview:-1"},"canonical":"https:\/\/jf-sbrasalportel.pt\/jfsba\/baile-de-carnaval-cha-dancante\/","og_locale":"pt_PT","og_type":"article","og_title":"Baile de Carnaval \"Ch\u00e1 Dan\u00e7ante\" - Junta de Freguesia de S\u00e3o Br\u00e1s de Alportel","og_description":"A Junta de Freguesia tem o enorme prazer de convidar&nbsp;&nbsp;toda a popula\u00e7\u00e3o a participar no Ch\u00e1 Dan\u00e7ante que se realizar\u00e1 dia 14 de fevereiro, s\u00e1bado pelas 15:00 no Pavilh\u00e3o dos Bombeiros Volunt\u00e1rios de S. Br\u00e1s de Alportel. Anima\u00e7\u00e3o com S\u00e9rgio Concei\u00e7\u00e3o Entrada = 1 apito Venha animar o seu Carnaval!","og_url":"https:\/\/jf-sbrasalportel.pt\/jfsba\/baile-de-carnaval-cha-dancante\/","og_site_name":"Junta de Freguesia de S\u00e3o Br\u00e1s de Alportel","article_published_time":"2015-02-04T12:38:05+00:00","article_modified_time":"2017-11-07T13:49:49+00:00","og_image":[{"url":"http:\/\/jf-sbrasalportel.pt\/jfsba\/wp-content\/uploads\/2015\/02\/cartaz-carnaval-212x300.jpg","type":"","width":"","height":""}],"author":"Editor03","twitter_card":"summary_large_image","twitter_misc":{"Escrito por":"Editor03"},"schema":{"@context":"https:\/\/schema.org","@graph":[{"@type":"Article","@id":"https:\/\/jf-sbrasalportel.pt\/jfsba\/baile-de-carnaval-cha-dancante\/#article","isPartOf":{"@id":"https:\/\/jf-sbrasalportel.pt\/jfsba\/baile-de-carnaval-cha-dancante\/"},"author":{"name":"Editor03","@id":"https:\/\/jf-sbrasalportel.pt\/jfsba\/#\/schema\/person\/5aaac60e83bbe2f62e12ce5a829a45bf"},"headline":"Baile de Carnaval &#8220;Ch\u00e1 Dan\u00e7ante&#8221;","datePublished":"2015-02-04T12:38:05+00:00","dateModified":"2017-11-07T13:49:49+00:00","mainEntityOfPage":{"@id":"https:\/\/jf-sbrasalportel.pt\/jfsba\/baile-de-carnaval-cha-dancante\/"},"wordCount":65,"image":{"@id":"https:\/\/jf-sbrasalportel.pt\/jfsba\/baile-de-carnaval-cha-dancante\/#primaryimage"},"thumbnailUrl":"http:\/\/jf-sbrasalportel.pt\/jfsba\/wp-content\/uploads\/2015\/02\/cartaz-carnaval-212x300.jpg","articleSection":["Not\u00edcias e Eventos"],"inLanguage":"pt-PT"},{"@type":"WebPage","@id":"https:\/\/jf-sbrasalportel.pt\/jfsba\/baile-de-carnaval-cha-dancante\/","url":"https:\/\/jf-sbrasalportel.pt\/jfsba\/baile-de-carnaval-cha-dancante\/","name":"Baile de Carnaval \"Ch\u00e1 Dan\u00e7ante\" - Junta de Freguesia de S\u00e3o Br\u00e1s de Alportel","isPartOf":{"@id":"https:\/\/jf-sbrasalportel.pt\/jfsba\/#website"},"primaryImageOfPage":{"@id":"https:\/\/jf-sbrasalportel.pt\/jfsba\/baile-de-carnaval-cha-dancante\/#primaryimage"},"image":{"@id":"https:\/\/jf-sbrasalportel.pt\/jfsba\/baile-de-carnaval-cha-dancante\/#primaryimage"},"thumbnailUrl":"http:\/\/jf-sbrasalportel.pt\/jfsba\/wp-content\/uploads\/2015\/02\/cartaz-carnaval-212x300.jpg","datePublished":"2015-02-04T12:38:05+00:00","dateModified":"2017-11-07T13:49:49+00:00","author":{"@id":"https:\/\/jf-sbrasalportel.pt\/jfsba\/#\/schema\/person\/5aaac60e83bbe2f62e12ce5a829a45bf"},"breadcrumb":{"@id":"https:\/\/jf-sbrasalportel.pt\/jfsba\/baile-de-carnaval-cha-dancante\/#breadcrumb"},"inLanguage":"pt-PT","potentialAction":[{"@type":"ReadAction","target":["https:\/\/jf-sbrasalportel.pt\/jfsba\/baile-de-carnaval-cha-dancante\/"]}]},{"@type":"ImageObject","inLanguage":"pt-PT","@id":"https:\/\/jf-sbrasalportel.pt\/jfsba\/baile-de-carnaval-cha-dancante\/#primaryimage","url":"http:\/\/jf-sbrasalportel.pt\/jfsba\/wp-content\/uploads\/2015\/02\/cartaz-carnaval-212x300.jpg","contentUrl":"http:\/\/jf-sbrasalportel.pt\/jfsba\/wp-content\/uploads\/2015\/02\/cartaz-carnaval-212x300.jpg"},{"@type":"BreadcrumbList","@id":"https:\/\/jf-sbrasalportel.pt\/jfsba\/baile-de-carnaval-cha-dancante\/#breadcrumb","itemListElement":[{"@type":"ListItem","position":1,"name":"In\u00edcio","item":"https:\/\/jf-sbrasalportel.pt\/jfsba\/"},{"@type":"ListItem","position":2,"name":"Baile de Carnaval &#8220;Ch\u00e1 Dan\u00e7ante&#8221;"}]},{"@type":"WebSite","@id":"https:\/\/jf-sbrasalportel.pt\/jfsba\/#website","url":"https:\/\/jf-sbrasalportel.pt\/jfsba\/","name":"Junta de Freguesia de S\u00e3o Br\u00e1s de Alportel","description":"Site institucional da Freguesia de S\u00e3o Br\u00e1s de Alportel","potentialAction":[{"@type":"SearchAction","target":{"@type":"EntryPoint","urlTemplate":"https:\/\/jf-sbrasalportel.pt\/jfsba\/?s={search_term_string}"},"query-input":{"@type":"PropertyValueSpecification","valueRequired":true,"valueName":"search_term_string"}}],"inLanguage":"pt-PT"},{"@type":"Person","@id":"https:\/\/jf-sbrasalportel.pt\/jfsba\/#\/schema\/person\/5aaac60e83bbe2f62e12ce5a829a45bf","name":"Editor03","image":{"@type":"ImageObject","inLanguage":"pt-PT","@id":"https:\/\/secure.gravatar.com\/avatar\/166bbaed3d176f7dbf0d14e0a9dc46d9d86c16c02268ff481c0c3fba1a84f3e2?s=96&d=mm&r=g","url":"https:\/\/secure.gravatar.com\/avatar\/166bbaed3d176f7dbf0d14e0a9dc46d9d86c16c02268ff481c0c3fba1a84f3e2?s=96&d=mm&r=g","contentUrl":"https:\/\/secure.gravatar.com\/avatar\/166bbaed3d176f7dbf0d14e0a9dc46d9d86c16c02268ff481c0c3fba1a84f3e2?s=96&d=mm&r=g","caption":"Editor03"},"url":"https:\/\/jf-sbrasalportel.pt\/jfsba\/author\/mafalda\/"}]}},"_links":{"self":[{"href":"https:\/\/jf-sbrasalportel.pt\/jfsba\/wp-json\/wp\/v2\/posts\/1162","targetHints":{"allow":["GET"]}}],"collection":[{"href":"https:\/\/jf-sbrasalportel.pt\/jfsba\/wp-json\/wp\/v2\/posts"}],"about":[{"href":"https:\/\/jf-sbrasalportel.pt\/jfsba\/wp-json\/wp\/v2\/types\/post"}],"author":[{"embeddable":true,"href":"https:\/\/jf-sbrasalportel.pt\/jfsba\/wp-json\/wp\/v2\/users\/2"}],"replies":[{"embeddable":true,"href":"https:\/\/jf-sbrasalportel.pt\/jfsba\/wp-json\/wp\/v2\/comments?post=1162"}],"version-history":[{"count":4,"href":"https:\/\/jf-sbrasalportel.pt\/jfsba\/wp-json\/wp\/v2\/posts\/1162\/revisions"}],"predecessor-version":[{"id":1899,"href":"https:\/\/jf-sbrasalportel.pt\/jfsba\/wp-json\/wp\/v2\/posts\/1162\/revisions\/1899"}],"wp:attachment":[{"href":"https:\/\/jf-sbrasalportel.pt\/jfsba\/wp-json\/wp\/v2\/media?parent=1162"}],"wp:term":[{"taxonomy":"category","embeddable":true,"href":"https:\/\/jf-sbrasalportel.pt\/jfsba\/wp-json\/wp\/v2\/categories?post=1162"},{"taxonomy":"post_tag","embeddable":true,"href":"https:\/\/jf-sbrasalportel.pt\/jfsba\/wp-json\/wp\/v2\/tags?post=1162"}],"curies":[{"name":"wp","href":"https:\/\/api.w.org\/{rel}","templated":true}]}}