{"id":1148,"date":"2015-01-30T16:54:50","date_gmt":"2015-01-30T16:54:50","guid":{"rendered":"http:\/\/jf-sbrasalportel.pt\/jf\/?p=1148"},"modified":"2017-11-07T13:54:05","modified_gmt":"2017-11-07T13:54:05","slug":"dancas-de-salao-na-junta-de-freguesia","status":"publish","type":"post","link":"https:\/\/jf-sbrasalportel.pt\/jfsba\/dancas-de-salao-na-junta-de-freguesia\/","title":{"rendered":"Dan\u00e7as de Sal\u00e3o na Junta de Freguesia"},"content":{"rendered":"<p><img loading=\"lazy\" decoding=\"async\" class=\"alignright size-medium wp-image-1566\" src=\"https:\/\/jf-sbrasalportel.pt\/jfsba\/wp-content\/uploads\/2016\/10\/Dancas_Salao_Cartaz-212x300.jpg\" alt=\"\" width=\"212\" height=\"300\" srcset=\"https:\/\/jf-sbrasalportel.pt\/jfsba\/wp-content\/uploads\/2016\/10\/Dancas_Salao_Cartaz-212x300.jpg 212w, https:\/\/jf-sbrasalportel.pt\/jfsba\/wp-content\/uploads\/2016\/10\/Dancas_Salao_Cartaz-768x1086.jpg 768w, https:\/\/jf-sbrasalportel.pt\/jfsba\/wp-content\/uploads\/2016\/10\/Dancas_Salao_Cartaz-724x1024.jpg 724w, https:\/\/jf-sbrasalportel.pt\/jfsba\/wp-content\/uploads\/2016\/10\/Dancas_Salao_Cartaz.jpg 1241w\" sizes=\"auto, (max-width: 212px) 100vw, 212px\" \/><\/p>\n<p>A Junta de Freguesia de S. Br\u00e1s de Alportel est\u00e1 desenvolvendo um Projeto de Dan\u00e7as de Sal\u00e3o denominado &#8220;Dan\u00e7a \u00e9 Vida&#8221; , o qual pretende levar junto da popula\u00e7\u00e3o, de qualquer idade, a pr\u00e1tica e a aprendizagem da dan\u00e7a.<\/p>\n<p>\u00c9 uma forma de evoluir nesta \u00e1rea, procurando dar a cada um a seguran\u00e7a e o bem estar quando, em qualquer espa\u00e7o podemos mostrar a qualidade e a beleza que \u00e9 dan\u00e7ar ao som duma bonita melodia. A simbiose entre a melodia e o corpo \u00e9 algo que nos eleva e nos d\u00e1 asas para sonhar. T\u00e3o simples como o gostar e apreciar uma bela paisagem, onde sentimentos despertam e amigos se divertem ao som dum tango, duma valsa ou mesmo dum &#8220;foxtrot&#8221;&#8230;!!! Venha aprender connosco!!!&nbsp;&nbsp;<\/p>\n<p style=\"text-align: left;\">&nbsp;<\/p>\n<p style=\"text-align: left;\">&nbsp;<\/p>\n<p>&nbsp;<\/p>\n<p>&nbsp;<\/p>\n","protected":false},"excerpt":{"rendered":"<p>A Junta de Freguesia de S. Br\u00e1s de Alportel est\u00e1 desenvolvendo um Projeto de Dan\u00e7as de Sal\u00e3o denominado &#8220;Dan\u00e7a \u00e9 Vida&#8221; , o qual pretende levar junto da popula\u00e7\u00e3o, de qualquer idade, a pr\u00e1tica e a aprendizagem da dan\u00e7a. \u00c9 uma forma de evoluir nesta \u00e1rea, procurando dar a cada um a seguran\u00e7a e o &hellip; <a href=\"https:\/\/jf-sbrasalportel.pt\/jfsba\/dancas-de-salao-na-junta-de-freguesia\/\" class=\"more-link\">Continuar a ler<span class=\"screen-reader-text\">Dan\u00e7as de Sal\u00e3o na Junta de Freguesia<\/span> <span class=\"meta-nav\">&rarr;<\/span><\/a><\/p>\n","protected":false},"author":2,"featured_media":0,"comment_status":"closed","ping_status":"closed","sticky":false,"template":"","format":"standard","meta":{"_monsterinsights_skip_tracking":false,"_monsterinsights_sitenote_active":false,"_monsterinsights_sitenote_note":"","_monsterinsights_sitenote_category":0,"ngg_post_thumbnail":0,"footnotes":""},"categories":[1],"tags":[],"class_list":["post-1148","post","type-post","status-publish","format-standard","hentry","category-noticias"],"yoast_head":"<!-- This site is optimized with the Yoast SEO plugin v27.5 - https:\/\/yoast.com\/product\/yoast-seo-wordpress\/ -->\n<title>Dan\u00e7as de Sal\u00e3o na Junta de Freguesia - Junta de Freguesia de S\u00e3o Br\u00e1s de Alportel<\/title>\n<meta name=\"robots\" content=\"index, follow, max-snippet:-1, max-image-preview:large, max-video-preview:-1\" \/>\n<link rel=\"canonical\" href=\"https:\/\/jf-sbrasalportel.pt\/jfsba\/dancas-de-salao-na-junta-de-freguesia\/\" \/>\n<meta property=\"og:locale\" content=\"pt_PT\" \/>\n<meta property=\"og:type\" content=\"article\" \/>\n<meta property=\"og:title\" content=\"Dan\u00e7as de Sal\u00e3o na Junta de Freguesia - Junta de Freguesia de S\u00e3o Br\u00e1s de Alportel\" \/>\n<meta property=\"og:description\" content=\"A Junta de Freguesia de S. Br\u00e1s de Alportel est\u00e1 desenvolvendo um Projeto de Dan\u00e7as de Sal\u00e3o denominado &#8220;Dan\u00e7a \u00e9 Vida&#8221; , o qual pretende levar junto da popula\u00e7\u00e3o, de qualquer idade, a pr\u00e1tica e a aprendizagem da dan\u00e7a. \u00c9 uma forma de evoluir nesta \u00e1rea, procurando dar a cada um a seguran\u00e7a e o &hellip; Continuar a lerDan\u00e7as de Sal\u00e3o na Junta de Freguesia &rarr;\" \/>\n<meta property=\"og:url\" content=\"https:\/\/jf-sbrasalportel.pt\/jfsba\/dancas-de-salao-na-junta-de-freguesia\/\" \/>\n<meta property=\"og:site_name\" content=\"Junta de Freguesia de S\u00e3o Br\u00e1s de Alportel\" \/>\n<meta property=\"article:published_time\" content=\"2015-01-30T16:54:50+00:00\" \/>\n<meta property=\"article:modified_time\" content=\"2017-11-07T13:54:05+00:00\" \/>\n<meta property=\"og:image\" content=\"http:\/\/jf-sbrasalportel.pt\/jfsba\/wp-content\/uploads\/2016\/10\/Dancas_Salao_Cartaz-212x300.jpg\" \/>\n<meta name=\"author\" content=\"Editor03\" \/>\n<meta name=\"twitter:card\" content=\"summary_large_image\" \/>\n<meta name=\"twitter:label1\" content=\"Escrito por\" \/>\n\t<meta name=\"twitter:data1\" content=\"Editor03\" \/>\n\t<meta name=\"twitter:label2\" content=\"Tempo estimado de leitura\" \/>\n\t<meta name=\"twitter:data2\" content=\"1 minuto\" \/>\n<script type=\"application\/ld+json\" class=\"yoast-schema-graph\">{\"@context\":\"https:\\\/\\\/schema.org\",\"@graph\":[{\"@type\":\"Article\",\"@id\":\"https:\\\/\\\/jf-sbrasalportel.pt\\\/jfsba\\\/dancas-de-salao-na-junta-de-freguesia\\\/#article\",\"isPartOf\":{\"@id\":\"https:\\\/\\\/jf-sbrasalportel.pt\\\/jfsba\\\/dancas-de-salao-na-junta-de-freguesia\\\/\"},\"author\":{\"name\":\"Editor03\",\"@id\":\"https:\\\/\\\/jf-sbrasalportel.pt\\\/jfsba\\\/#\\\/schema\\\/person\\\/5aaac60e83bbe2f62e12ce5a829a45bf\"},\"headline\":\"Dan\u00e7as de Sal\u00e3o na Junta de Freguesia\",\"datePublished\":\"2015-01-30T16:54:50+00:00\",\"dateModified\":\"2017-11-07T13:54:05+00:00\",\"mainEntityOfPage\":{\"@id\":\"https:\\\/\\\/jf-sbrasalportel.pt\\\/jfsba\\\/dancas-de-salao-na-junta-de-freguesia\\\/\"},\"wordCount\":146,\"image\":{\"@id\":\"https:\\\/\\\/jf-sbrasalportel.pt\\\/jfsba\\\/dancas-de-salao-na-junta-de-freguesia\\\/#primaryimage\"},\"thumbnailUrl\":\"http:\\\/\\\/jf-sbrasalportel.pt\\\/jfsba\\\/wp-content\\\/uploads\\\/2016\\\/10\\\/Dancas_Salao_Cartaz-212x300.jpg\",\"articleSection\":[\"Not\u00edcias e Eventos\"],\"inLanguage\":\"pt-PT\"},{\"@type\":\"WebPage\",\"@id\":\"https:\\\/\\\/jf-sbrasalportel.pt\\\/jfsba\\\/dancas-de-salao-na-junta-de-freguesia\\\/\",\"url\":\"https:\\\/\\\/jf-sbrasalportel.pt\\\/jfsba\\\/dancas-de-salao-na-junta-de-freguesia\\\/\",\"name\":\"Dan\u00e7as de Sal\u00e3o na Junta de Freguesia - Junta de Freguesia de S\u00e3o Br\u00e1s de Alportel\",\"isPartOf\":{\"@id\":\"https:\\\/\\\/jf-sbrasalportel.pt\\\/jfsba\\\/#website\"},\"primaryImageOfPage\":{\"@id\":\"https:\\\/\\\/jf-sbrasalportel.pt\\\/jfsba\\\/dancas-de-salao-na-junta-de-freguesia\\\/#primaryimage\"},\"image\":{\"@id\":\"https:\\\/\\\/jf-sbrasalportel.pt\\\/jfsba\\\/dancas-de-salao-na-junta-de-freguesia\\\/#primaryimage\"},\"thumbnailUrl\":\"http:\\\/\\\/jf-sbrasalportel.pt\\\/jfsba\\\/wp-content\\\/uploads\\\/2016\\\/10\\\/Dancas_Salao_Cartaz-212x300.jpg\",\"datePublished\":\"2015-01-30T16:54:50+00:00\",\"dateModified\":\"2017-11-07T13:54:05+00:00\",\"author\":{\"@id\":\"https:\\\/\\\/jf-sbrasalportel.pt\\\/jfsba\\\/#\\\/schema\\\/person\\\/5aaac60e83bbe2f62e12ce5a829a45bf\"},\"breadcrumb\":{\"@id\":\"https:\\\/\\\/jf-sbrasalportel.pt\\\/jfsba\\\/dancas-de-salao-na-junta-de-freguesia\\\/#breadcrumb\"},\"inLanguage\":\"pt-PT\",\"potentialAction\":[{\"@type\":\"ReadAction\",\"target\":[\"https:\\\/\\\/jf-sbrasalportel.pt\\\/jfsba\\\/dancas-de-salao-na-junta-de-freguesia\\\/\"]}]},{\"@type\":\"ImageObject\",\"inLanguage\":\"pt-PT\",\"@id\":\"https:\\\/\\\/jf-sbrasalportel.pt\\\/jfsba\\\/dancas-de-salao-na-junta-de-freguesia\\\/#primaryimage\",\"url\":\"http:\\\/\\\/jf-sbrasalportel.pt\\\/jfsba\\\/wp-content\\\/uploads\\\/2016\\\/10\\\/Dancas_Salao_Cartaz-212x300.jpg\",\"contentUrl\":\"http:\\\/\\\/jf-sbrasalportel.pt\\\/jfsba\\\/wp-content\\\/uploads\\\/2016\\\/10\\\/Dancas_Salao_Cartaz-212x300.jpg\"},{\"@type\":\"BreadcrumbList\",\"@id\":\"https:\\\/\\\/jf-sbrasalportel.pt\\\/jfsba\\\/dancas-de-salao-na-junta-de-freguesia\\\/#breadcrumb\",\"itemListElement\":[{\"@type\":\"ListItem\",\"position\":1,\"name\":\"In\u00edcio\",\"item\":\"https:\\\/\\\/jf-sbrasalportel.pt\\\/jfsba\\\/\"},{\"@type\":\"ListItem\",\"position\":2,\"name\":\"Dan\u00e7as de Sal\u00e3o na Junta de Freguesia\"}]},{\"@type\":\"WebSite\",\"@id\":\"https:\\\/\\\/jf-sbrasalportel.pt\\\/jfsba\\\/#website\",\"url\":\"https:\\\/\\\/jf-sbrasalportel.pt\\\/jfsba\\\/\",\"name\":\"Junta de Freguesia de S\u00e3o Br\u00e1s de Alportel\",\"description\":\"Site institucional da Freguesia de S\u00e3o Br\u00e1s de Alportel\",\"potentialAction\":[{\"@type\":\"SearchAction\",\"target\":{\"@type\":\"EntryPoint\",\"urlTemplate\":\"https:\\\/\\\/jf-sbrasalportel.pt\\\/jfsba\\\/?s={search_term_string}\"},\"query-input\":{\"@type\":\"PropertyValueSpecification\",\"valueRequired\":true,\"valueName\":\"search_term_string\"}}],\"inLanguage\":\"pt-PT\"},{\"@type\":\"Person\",\"@id\":\"https:\\\/\\\/jf-sbrasalportel.pt\\\/jfsba\\\/#\\\/schema\\\/person\\\/5aaac60e83bbe2f62e12ce5a829a45bf\",\"name\":\"Editor03\",\"image\":{\"@type\":\"ImageObject\",\"inLanguage\":\"pt-PT\",\"@id\":\"https:\\\/\\\/secure.gravatar.com\\\/avatar\\\/166bbaed3d176f7dbf0d14e0a9dc46d9d86c16c02268ff481c0c3fba1a84f3e2?s=96&d=mm&r=g\",\"url\":\"https:\\\/\\\/secure.gravatar.com\\\/avatar\\\/166bbaed3d176f7dbf0d14e0a9dc46d9d86c16c02268ff481c0c3fba1a84f3e2?s=96&d=mm&r=g\",\"contentUrl\":\"https:\\\/\\\/secure.gravatar.com\\\/avatar\\\/166bbaed3d176f7dbf0d14e0a9dc46d9d86c16c02268ff481c0c3fba1a84f3e2?s=96&d=mm&r=g\",\"caption\":\"Editor03\"},\"url\":\"https:\\\/\\\/jf-sbrasalportel.pt\\\/jfsba\\\/author\\\/mafalda\\\/\"}]}<\/script>\n<!-- \/ Yoast SEO plugin. -->","yoast_head_json":{"title":"Dan\u00e7as de Sal\u00e3o na Junta de Freguesia - Junta de Freguesia de S\u00e3o Br\u00e1s de Alportel","robots":{"index":"index","follow":"follow","max-snippet":"max-snippet:-1","max-image-preview":"max-image-preview:large","max-video-preview":"max-video-preview:-1"},"canonical":"https:\/\/jf-sbrasalportel.pt\/jfsba\/dancas-de-salao-na-junta-de-freguesia\/","og_locale":"pt_PT","og_type":"article","og_title":"Dan\u00e7as de Sal\u00e3o na Junta de Freguesia - Junta de Freguesia de S\u00e3o Br\u00e1s de Alportel","og_description":"A Junta de Freguesia de S. Br\u00e1s de Alportel est\u00e1 desenvolvendo um Projeto de Dan\u00e7as de Sal\u00e3o denominado &#8220;Dan\u00e7a \u00e9 Vida&#8221; , o qual pretende levar junto da popula\u00e7\u00e3o, de qualquer idade, a pr\u00e1tica e a aprendizagem da dan\u00e7a. \u00c9 uma forma de evoluir nesta \u00e1rea, procurando dar a cada um a seguran\u00e7a e o &hellip; Continuar a lerDan\u00e7as de Sal\u00e3o na Junta de Freguesia &rarr;","og_url":"https:\/\/jf-sbrasalportel.pt\/jfsba\/dancas-de-salao-na-junta-de-freguesia\/","og_site_name":"Junta de Freguesia de S\u00e3o Br\u00e1s de Alportel","article_published_time":"2015-01-30T16:54:50+00:00","article_modified_time":"2017-11-07T13:54:05+00:00","og_image":[{"url":"http:\/\/jf-sbrasalportel.pt\/jfsba\/wp-content\/uploads\/2016\/10\/Dancas_Salao_Cartaz-212x300.jpg","type":"","width":"","height":""}],"author":"Editor03","twitter_card":"summary_large_image","twitter_misc":{"Escrito por":"Editor03","Tempo estimado de leitura":"1 minuto"},"schema":{"@context":"https:\/\/schema.org","@graph":[{"@type":"Article","@id":"https:\/\/jf-sbrasalportel.pt\/jfsba\/dancas-de-salao-na-junta-de-freguesia\/#article","isPartOf":{"@id":"https:\/\/jf-sbrasalportel.pt\/jfsba\/dancas-de-salao-na-junta-de-freguesia\/"},"author":{"name":"Editor03","@id":"https:\/\/jf-sbrasalportel.pt\/jfsba\/#\/schema\/person\/5aaac60e83bbe2f62e12ce5a829a45bf"},"headline":"Dan\u00e7as de Sal\u00e3o na Junta de Freguesia","datePublished":"2015-01-30T16:54:50+00:00","dateModified":"2017-11-07T13:54:05+00:00","mainEntityOfPage":{"@id":"https:\/\/jf-sbrasalportel.pt\/jfsba\/dancas-de-salao-na-junta-de-freguesia\/"},"wordCount":146,"image":{"@id":"https:\/\/jf-sbrasalportel.pt\/jfsba\/dancas-de-salao-na-junta-de-freguesia\/#primaryimage"},"thumbnailUrl":"http:\/\/jf-sbrasalportel.pt\/jfsba\/wp-content\/uploads\/2016\/10\/Dancas_Salao_Cartaz-212x300.jpg","articleSection":["Not\u00edcias e Eventos"],"inLanguage":"pt-PT"},{"@type":"WebPage","@id":"https:\/\/jf-sbrasalportel.pt\/jfsba\/dancas-de-salao-na-junta-de-freguesia\/","url":"https:\/\/jf-sbrasalportel.pt\/jfsba\/dancas-de-salao-na-junta-de-freguesia\/","name":"Dan\u00e7as de Sal\u00e3o na Junta de Freguesia - Junta de Freguesia de S\u00e3o Br\u00e1s de Alportel","isPartOf":{"@id":"https:\/\/jf-sbrasalportel.pt\/jfsba\/#website"},"primaryImageOfPage":{"@id":"https:\/\/jf-sbrasalportel.pt\/jfsba\/dancas-de-salao-na-junta-de-freguesia\/#primaryimage"},"image":{"@id":"https:\/\/jf-sbrasalportel.pt\/jfsba\/dancas-de-salao-na-junta-de-freguesia\/#primaryimage"},"thumbnailUrl":"http:\/\/jf-sbrasalportel.pt\/jfsba\/wp-content\/uploads\/2016\/10\/Dancas_Salao_Cartaz-212x300.jpg","datePublished":"2015-01-30T16:54:50+00:00","dateModified":"2017-11-07T13:54:05+00:00","author":{"@id":"https:\/\/jf-sbrasalportel.pt\/jfsba\/#\/schema\/person\/5aaac60e83bbe2f62e12ce5a829a45bf"},"breadcrumb":{"@id":"https:\/\/jf-sbrasalportel.pt\/jfsba\/dancas-de-salao-na-junta-de-freguesia\/#breadcrumb"},"inLanguage":"pt-PT","potentialAction":[{"@type":"ReadAction","target":["https:\/\/jf-sbrasalportel.pt\/jfsba\/dancas-de-salao-na-junta-de-freguesia\/"]}]},{"@type":"ImageObject","inLanguage":"pt-PT","@id":"https:\/\/jf-sbrasalportel.pt\/jfsba\/dancas-de-salao-na-junta-de-freguesia\/#primaryimage","url":"http:\/\/jf-sbrasalportel.pt\/jfsba\/wp-content\/uploads\/2016\/10\/Dancas_Salao_Cartaz-212x300.jpg","contentUrl":"http:\/\/jf-sbrasalportel.pt\/jfsba\/wp-content\/uploads\/2016\/10\/Dancas_Salao_Cartaz-212x300.jpg"},{"@type":"BreadcrumbList","@id":"https:\/\/jf-sbrasalportel.pt\/jfsba\/dancas-de-salao-na-junta-de-freguesia\/#breadcrumb","itemListElement":[{"@type":"ListItem","position":1,"name":"In\u00edcio","item":"https:\/\/jf-sbrasalportel.pt\/jfsba\/"},{"@type":"ListItem","position":2,"name":"Dan\u00e7as de Sal\u00e3o na Junta de Freguesia"}]},{"@type":"WebSite","@id":"https:\/\/jf-sbrasalportel.pt\/jfsba\/#website","url":"https:\/\/jf-sbrasalportel.pt\/jfsba\/","name":"Junta de Freguesia de S\u00e3o Br\u00e1s de Alportel","description":"Site institucional da Freguesia de S\u00e3o Br\u00e1s de Alportel","potentialAction":[{"@type":"SearchAction","target":{"@type":"EntryPoint","urlTemplate":"https:\/\/jf-sbrasalportel.pt\/jfsba\/?s={search_term_string}"},"query-input":{"@type":"PropertyValueSpecification","valueRequired":true,"valueName":"search_term_string"}}],"inLanguage":"pt-PT"},{"@type":"Person","@id":"https:\/\/jf-sbrasalportel.pt\/jfsba\/#\/schema\/person\/5aaac60e83bbe2f62e12ce5a829a45bf","name":"Editor03","image":{"@type":"ImageObject","inLanguage":"pt-PT","@id":"https:\/\/secure.gravatar.com\/avatar\/166bbaed3d176f7dbf0d14e0a9dc46d9d86c16c02268ff481c0c3fba1a84f3e2?s=96&d=mm&r=g","url":"https:\/\/secure.gravatar.com\/avatar\/166bbaed3d176f7dbf0d14e0a9dc46d9d86c16c02268ff481c0c3fba1a84f3e2?s=96&d=mm&r=g","contentUrl":"https:\/\/secure.gravatar.com\/avatar\/166bbaed3d176f7dbf0d14e0a9dc46d9d86c16c02268ff481c0c3fba1a84f3e2?s=96&d=mm&r=g","caption":"Editor03"},"url":"https:\/\/jf-sbrasalportel.pt\/jfsba\/author\/mafalda\/"}]}},"_links":{"self":[{"href":"https:\/\/jf-sbrasalportel.pt\/jfsba\/wp-json\/wp\/v2\/posts\/1148","targetHints":{"allow":["GET"]}}],"collection":[{"href":"https:\/\/jf-sbrasalportel.pt\/jfsba\/wp-json\/wp\/v2\/posts"}],"about":[{"href":"https:\/\/jf-sbrasalportel.pt\/jfsba\/wp-json\/wp\/v2\/types\/post"}],"author":[{"embeddable":true,"href":"https:\/\/jf-sbrasalportel.pt\/jfsba\/wp-json\/wp\/v2\/users\/2"}],"replies":[{"embeddable":true,"href":"https:\/\/jf-sbrasalportel.pt\/jfsba\/wp-json\/wp\/v2\/comments?post=1148"}],"version-history":[{"count":12,"href":"https:\/\/jf-sbrasalportel.pt\/jfsba\/wp-json\/wp\/v2\/posts\/1148\/revisions"}],"predecessor-version":[{"id":1903,"href":"https:\/\/jf-sbrasalportel.pt\/jfsba\/wp-json\/wp\/v2\/posts\/1148\/revisions\/1903"}],"wp:attachment":[{"href":"https:\/\/jf-sbrasalportel.pt\/jfsba\/wp-json\/wp\/v2\/media?parent=1148"}],"wp:term":[{"taxonomy":"category","embeddable":true,"href":"https:\/\/jf-sbrasalportel.pt\/jfsba\/wp-json\/wp\/v2\/categories?post=1148"},{"taxonomy":"post_tag","embeddable":true,"href":"https:\/\/jf-sbrasalportel.pt\/jfsba\/wp-json\/wp\/v2\/tags?post=1148"}],"curies":[{"name":"wp","href":"https:\/\/api.w.org\/{rel}","templated":true}]}}