{"id":1095,"date":"2014-12-10T13:54:16","date_gmt":"2014-12-10T13:54:16","guid":{"rendered":"http:\/\/jf-sbrasalportel.pt\/jf\/?p=1095"},"modified":"2015-01-19T13:57:36","modified_gmt":"2015-01-19T13:57:36","slug":"registo-cadastral-de-s-bras-de-alportel","status":"publish","type":"post","link":"https:\/\/jf-sbrasalportel.pt\/jfsba\/registo-cadastral-de-s-bras-de-alportel\/","title":{"rendered":"Registo Cadastral de S. Br\u00e1s de Alportel"},"content":{"rendered":"<p>Iniciou-se no passado dia seis de outubro o processo do Registo Cadastral do nosso concelho, tendo a Junta de Freguesia disponibilizado um gabinete onde est\u00e1 decorrendo o atendimento aos nossos mun\u00edcipes. Est\u00e1 o mesmo a decorrer com grande sucesso, demonstrando os propriet\u00e1rios dos terrenos r\u00fasticos e\/ou urbanos um grande interesse. Este processo terminar\u00e1 em novembro do pr\u00f3ximo ano.<\/p>\n<p>Para mais informa\u00e7\u00e3o visite:\u00a0<br \/><a href=\"http:\/\/www.cm-sbras.pt\/pt\/menu\/711\/cadastro-predial.aspx\">http:\/\/www.cm-sbras.pt\/pt\/menu\/711\/cadastro-predial.aspx<\/a><\/p>\n<p>&nbsp;<\/p>\n","protected":false},"excerpt":{"rendered":"<p>Iniciou-se no passado dia seis de outubro o processo do Registo Cadastral do nosso concelho, tendo a Junta de Freguesia disponibilizado um gabinete onde est\u00e1 decorrendo o atendimento aos nossos mun\u00edcipes. Est\u00e1 o mesmo a decorrer com grande sucesso, demonstrando os propriet\u00e1rios dos terrenos r\u00fasticos e\/ou urbanos um grande interesse. Este processo terminar\u00e1 em novembro &hellip; <a href=\"https:\/\/jf-sbrasalportel.pt\/jfsba\/registo-cadastral-de-s-bras-de-alportel\/\" class=\"more-link\">Continuar a ler<span class=\"screen-reader-text\">Registo Cadastral de S. Br\u00e1s de Alportel<\/span> <span class=\"meta-nav\">&rarr;<\/span><\/a><\/p>\n","protected":false},"author":1,"featured_media":0,"comment_status":"closed","ping_status":"closed","sticky":false,"template":"","format":"standard","meta":{"_monsterinsights_skip_tracking":false,"_monsterinsights_sitenote_active":false,"_monsterinsights_sitenote_note":"","_monsterinsights_sitenote_category":0,"ngg_post_thumbnail":0,"footnotes":""},"categories":[1],"tags":[],"class_list":["post-1095","post","type-post","status-publish","format-standard","hentry","category-noticias"],"yoast_head":"<!-- This site is optimized with the Yoast SEO plugin v27.5 - https:\/\/yoast.com\/product\/yoast-seo-wordpress\/ -->\n<title>Registo Cadastral de S. Br\u00e1s de Alportel - Junta de Freguesia de S\u00e3o Br\u00e1s de Alportel<\/title>\n<meta name=\"robots\" content=\"index, follow, max-snippet:-1, max-image-preview:large, max-video-preview:-1\" \/>\n<link rel=\"canonical\" href=\"https:\/\/jf-sbrasalportel.pt\/jfsba\/registo-cadastral-de-s-bras-de-alportel\/\" \/>\n<meta property=\"og:locale\" content=\"pt_PT\" \/>\n<meta property=\"og:type\" content=\"article\" \/>\n<meta property=\"og:title\" content=\"Registo Cadastral de S. Br\u00e1s de Alportel - Junta de Freguesia de S\u00e3o Br\u00e1s de Alportel\" \/>\n<meta property=\"og:description\" content=\"Iniciou-se no passado dia seis de outubro o processo do Registo Cadastral do nosso concelho, tendo a Junta de Freguesia disponibilizado um gabinete onde est\u00e1 decorrendo o atendimento aos nossos mun\u00edcipes. Est\u00e1 o mesmo a decorrer com grande sucesso, demonstrando os propriet\u00e1rios dos terrenos r\u00fasticos e\/ou urbanos um grande interesse. Este processo terminar\u00e1 em novembro &hellip; Continuar a lerRegisto Cadastral de S. Br\u00e1s de Alportel &rarr;\" \/>\n<meta property=\"og:url\" content=\"https:\/\/jf-sbrasalportel.pt\/jfsba\/registo-cadastral-de-s-bras-de-alportel\/\" \/>\n<meta property=\"og:site_name\" content=\"Junta de Freguesia de S\u00e3o Br\u00e1s de Alportel\" \/>\n<meta property=\"article:published_time\" content=\"2014-12-10T13:54:16+00:00\" \/>\n<meta property=\"article:modified_time\" content=\"2015-01-19T13:57:36+00:00\" \/>\n<meta name=\"author\" content=\"Administrador\" \/>\n<meta name=\"twitter:card\" content=\"summary_large_image\" \/>\n<meta name=\"twitter:label1\" content=\"Escrito por\" \/>\n\t<meta name=\"twitter:data1\" content=\"Administrador\" \/>\n<script type=\"application\/ld+json\" class=\"yoast-schema-graph\">{\"@context\":\"https:\\\/\\\/schema.org\",\"@graph\":[{\"@type\":\"Article\",\"@id\":\"https:\\\/\\\/jf-sbrasalportel.pt\\\/jfsba\\\/registo-cadastral-de-s-bras-de-alportel\\\/#article\",\"isPartOf\":{\"@id\":\"https:\\\/\\\/jf-sbrasalportel.pt\\\/jfsba\\\/registo-cadastral-de-s-bras-de-alportel\\\/\"},\"author\":{\"name\":\"Administrador\",\"@id\":\"https:\\\/\\\/jf-sbrasalportel.pt\\\/jfsba\\\/#\\\/schema\\\/person\\\/3c45b98690e998c100dcef2e2cf4306a\"},\"headline\":\"Registo Cadastral de S. Br\u00e1s de Alportel\",\"datePublished\":\"2014-12-10T13:54:16+00:00\",\"dateModified\":\"2015-01-19T13:57:36+00:00\",\"mainEntityOfPage\":{\"@id\":\"https:\\\/\\\/jf-sbrasalportel.pt\\\/jfsba\\\/registo-cadastral-de-s-bras-de-alportel\\\/\"},\"wordCount\":85,\"articleSection\":[\"Not\u00edcias e Eventos\"],\"inLanguage\":\"pt-PT\"},{\"@type\":\"WebPage\",\"@id\":\"https:\\\/\\\/jf-sbrasalportel.pt\\\/jfsba\\\/registo-cadastral-de-s-bras-de-alportel\\\/\",\"url\":\"https:\\\/\\\/jf-sbrasalportel.pt\\\/jfsba\\\/registo-cadastral-de-s-bras-de-alportel\\\/\",\"name\":\"Registo Cadastral de S. Br\u00e1s de Alportel - Junta de Freguesia de S\u00e3o Br\u00e1s de Alportel\",\"isPartOf\":{\"@id\":\"https:\\\/\\\/jf-sbrasalportel.pt\\\/jfsba\\\/#website\"},\"datePublished\":\"2014-12-10T13:54:16+00:00\",\"dateModified\":\"2015-01-19T13:57:36+00:00\",\"author\":{\"@id\":\"https:\\\/\\\/jf-sbrasalportel.pt\\\/jfsba\\\/#\\\/schema\\\/person\\\/3c45b98690e998c100dcef2e2cf4306a\"},\"breadcrumb\":{\"@id\":\"https:\\\/\\\/jf-sbrasalportel.pt\\\/jfsba\\\/registo-cadastral-de-s-bras-de-alportel\\\/#breadcrumb\"},\"inLanguage\":\"pt-PT\",\"potentialAction\":[{\"@type\":\"ReadAction\",\"target\":[\"https:\\\/\\\/jf-sbrasalportel.pt\\\/jfsba\\\/registo-cadastral-de-s-bras-de-alportel\\\/\"]}]},{\"@type\":\"BreadcrumbList\",\"@id\":\"https:\\\/\\\/jf-sbrasalportel.pt\\\/jfsba\\\/registo-cadastral-de-s-bras-de-alportel\\\/#breadcrumb\",\"itemListElement\":[{\"@type\":\"ListItem\",\"position\":1,\"name\":\"In\u00edcio\",\"item\":\"https:\\\/\\\/jf-sbrasalportel.pt\\\/jfsba\\\/\"},{\"@type\":\"ListItem\",\"position\":2,\"name\":\"Registo Cadastral de S. Br\u00e1s de Alportel\"}]},{\"@type\":\"WebSite\",\"@id\":\"https:\\\/\\\/jf-sbrasalportel.pt\\\/jfsba\\\/#website\",\"url\":\"https:\\\/\\\/jf-sbrasalportel.pt\\\/jfsba\\\/\",\"name\":\"Junta de Freguesia de S\u00e3o Br\u00e1s de Alportel\",\"description\":\"Site institucional da Freguesia de S\u00e3o Br\u00e1s de Alportel\",\"potentialAction\":[{\"@type\":\"SearchAction\",\"target\":{\"@type\":\"EntryPoint\",\"urlTemplate\":\"https:\\\/\\\/jf-sbrasalportel.pt\\\/jfsba\\\/?s={search_term_string}\"},\"query-input\":{\"@type\":\"PropertyValueSpecification\",\"valueRequired\":true,\"valueName\":\"search_term_string\"}}],\"inLanguage\":\"pt-PT\"},{\"@type\":\"Person\",\"@id\":\"https:\\\/\\\/jf-sbrasalportel.pt\\\/jfsba\\\/#\\\/schema\\\/person\\\/3c45b98690e998c100dcef2e2cf4306a\",\"name\":\"Administrador\",\"image\":{\"@type\":\"ImageObject\",\"inLanguage\":\"pt-PT\",\"@id\":\"https:\\\/\\\/secure.gravatar.com\\\/avatar\\\/76e7c2d93cee5a50bf741369ed587db81d9b815d7da83d5b725a253106747bd5?s=96&d=mm&r=g\",\"url\":\"https:\\\/\\\/secure.gravatar.com\\\/avatar\\\/76e7c2d93cee5a50bf741369ed587db81d9b815d7da83d5b725a253106747bd5?s=96&d=mm&r=g\",\"contentUrl\":\"https:\\\/\\\/secure.gravatar.com\\\/avatar\\\/76e7c2d93cee5a50bf741369ed587db81d9b815d7da83d5b725a253106747bd5?s=96&d=mm&r=g\",\"caption\":\"Administrador\"},\"sameAs\":[\"http:\\\/\\\/www.jf-sbrasalportel.pt\"],\"url\":\"https:\\\/\\\/jf-sbrasalportel.pt\\\/jfsba\\\/author\\\/admin_jfsba\\\/\"}]}<\/script>\n<!-- \/ Yoast SEO plugin. -->","yoast_head_json":{"title":"Registo Cadastral de S. Br\u00e1s de Alportel - Junta de Freguesia de S\u00e3o Br\u00e1s de Alportel","robots":{"index":"index","follow":"follow","max-snippet":"max-snippet:-1","max-image-preview":"max-image-preview:large","max-video-preview":"max-video-preview:-1"},"canonical":"https:\/\/jf-sbrasalportel.pt\/jfsba\/registo-cadastral-de-s-bras-de-alportel\/","og_locale":"pt_PT","og_type":"article","og_title":"Registo Cadastral de S. Br\u00e1s de Alportel - Junta de Freguesia de S\u00e3o Br\u00e1s de Alportel","og_description":"Iniciou-se no passado dia seis de outubro o processo do Registo Cadastral do nosso concelho, tendo a Junta de Freguesia disponibilizado um gabinete onde est\u00e1 decorrendo o atendimento aos nossos mun\u00edcipes. Est\u00e1 o mesmo a decorrer com grande sucesso, demonstrando os propriet\u00e1rios dos terrenos r\u00fasticos e\/ou urbanos um grande interesse. Este processo terminar\u00e1 em novembro &hellip; Continuar a lerRegisto Cadastral de S. Br\u00e1s de Alportel &rarr;","og_url":"https:\/\/jf-sbrasalportel.pt\/jfsba\/registo-cadastral-de-s-bras-de-alportel\/","og_site_name":"Junta de Freguesia de S\u00e3o Br\u00e1s de Alportel","article_published_time":"2014-12-10T13:54:16+00:00","article_modified_time":"2015-01-19T13:57:36+00:00","author":"Administrador","twitter_card":"summary_large_image","twitter_misc":{"Escrito por":"Administrador"},"schema":{"@context":"https:\/\/schema.org","@graph":[{"@type":"Article","@id":"https:\/\/jf-sbrasalportel.pt\/jfsba\/registo-cadastral-de-s-bras-de-alportel\/#article","isPartOf":{"@id":"https:\/\/jf-sbrasalportel.pt\/jfsba\/registo-cadastral-de-s-bras-de-alportel\/"},"author":{"name":"Administrador","@id":"https:\/\/jf-sbrasalportel.pt\/jfsba\/#\/schema\/person\/3c45b98690e998c100dcef2e2cf4306a"},"headline":"Registo Cadastral de S. Br\u00e1s de Alportel","datePublished":"2014-12-10T13:54:16+00:00","dateModified":"2015-01-19T13:57:36+00:00","mainEntityOfPage":{"@id":"https:\/\/jf-sbrasalportel.pt\/jfsba\/registo-cadastral-de-s-bras-de-alportel\/"},"wordCount":85,"articleSection":["Not\u00edcias e Eventos"],"inLanguage":"pt-PT"},{"@type":"WebPage","@id":"https:\/\/jf-sbrasalportel.pt\/jfsba\/registo-cadastral-de-s-bras-de-alportel\/","url":"https:\/\/jf-sbrasalportel.pt\/jfsba\/registo-cadastral-de-s-bras-de-alportel\/","name":"Registo Cadastral de S. Br\u00e1s de Alportel - Junta de Freguesia de S\u00e3o Br\u00e1s de Alportel","isPartOf":{"@id":"https:\/\/jf-sbrasalportel.pt\/jfsba\/#website"},"datePublished":"2014-12-10T13:54:16+00:00","dateModified":"2015-01-19T13:57:36+00:00","author":{"@id":"https:\/\/jf-sbrasalportel.pt\/jfsba\/#\/schema\/person\/3c45b98690e998c100dcef2e2cf4306a"},"breadcrumb":{"@id":"https:\/\/jf-sbrasalportel.pt\/jfsba\/registo-cadastral-de-s-bras-de-alportel\/#breadcrumb"},"inLanguage":"pt-PT","potentialAction":[{"@type":"ReadAction","target":["https:\/\/jf-sbrasalportel.pt\/jfsba\/registo-cadastral-de-s-bras-de-alportel\/"]}]},{"@type":"BreadcrumbList","@id":"https:\/\/jf-sbrasalportel.pt\/jfsba\/registo-cadastral-de-s-bras-de-alportel\/#breadcrumb","itemListElement":[{"@type":"ListItem","position":1,"name":"In\u00edcio","item":"https:\/\/jf-sbrasalportel.pt\/jfsba\/"},{"@type":"ListItem","position":2,"name":"Registo Cadastral de S. Br\u00e1s de Alportel"}]},{"@type":"WebSite","@id":"https:\/\/jf-sbrasalportel.pt\/jfsba\/#website","url":"https:\/\/jf-sbrasalportel.pt\/jfsba\/","name":"Junta de Freguesia de S\u00e3o Br\u00e1s de Alportel","description":"Site institucional da Freguesia de S\u00e3o Br\u00e1s de Alportel","potentialAction":[{"@type":"SearchAction","target":{"@type":"EntryPoint","urlTemplate":"https:\/\/jf-sbrasalportel.pt\/jfsba\/?s={search_term_string}"},"query-input":{"@type":"PropertyValueSpecification","valueRequired":true,"valueName":"search_term_string"}}],"inLanguage":"pt-PT"},{"@type":"Person","@id":"https:\/\/jf-sbrasalportel.pt\/jfsba\/#\/schema\/person\/3c45b98690e998c100dcef2e2cf4306a","name":"Administrador","image":{"@type":"ImageObject","inLanguage":"pt-PT","@id":"https:\/\/secure.gravatar.com\/avatar\/76e7c2d93cee5a50bf741369ed587db81d9b815d7da83d5b725a253106747bd5?s=96&d=mm&r=g","url":"https:\/\/secure.gravatar.com\/avatar\/76e7c2d93cee5a50bf741369ed587db81d9b815d7da83d5b725a253106747bd5?s=96&d=mm&r=g","contentUrl":"https:\/\/secure.gravatar.com\/avatar\/76e7c2d93cee5a50bf741369ed587db81d9b815d7da83d5b725a253106747bd5?s=96&d=mm&r=g","caption":"Administrador"},"sameAs":["http:\/\/www.jf-sbrasalportel.pt"],"url":"https:\/\/jf-sbrasalportel.pt\/jfsba\/author\/admin_jfsba\/"}]}},"_links":{"self":[{"href":"https:\/\/jf-sbrasalportel.pt\/jfsba\/wp-json\/wp\/v2\/posts\/1095","targetHints":{"allow":["GET"]}}],"collection":[{"href":"https:\/\/jf-sbrasalportel.pt\/jfsba\/wp-json\/wp\/v2\/posts"}],"about":[{"href":"https:\/\/jf-sbrasalportel.pt\/jfsba\/wp-json\/wp\/v2\/types\/post"}],"author":[{"embeddable":true,"href":"https:\/\/jf-sbrasalportel.pt\/jfsba\/wp-json\/wp\/v2\/users\/1"}],"replies":[{"embeddable":true,"href":"https:\/\/jf-sbrasalportel.pt\/jfsba\/wp-json\/wp\/v2\/comments?post=1095"}],"version-history":[{"count":1,"href":"https:\/\/jf-sbrasalportel.pt\/jfsba\/wp-json\/wp\/v2\/posts\/1095\/revisions"}],"predecessor-version":[{"id":1096,"href":"https:\/\/jf-sbrasalportel.pt\/jfsba\/wp-json\/wp\/v2\/posts\/1095\/revisions\/1096"}],"wp:attachment":[{"href":"https:\/\/jf-sbrasalportel.pt\/jfsba\/wp-json\/wp\/v2\/media?parent=1095"}],"wp:term":[{"taxonomy":"category","embeddable":true,"href":"https:\/\/jf-sbrasalportel.pt\/jfsba\/wp-json\/wp\/v2\/categories?post=1095"},{"taxonomy":"post_tag","embeddable":true,"href":"https:\/\/jf-sbrasalportel.pt\/jfsba\/wp-json\/wp\/v2\/tags?post=1095"}],"curies":[{"name":"wp","href":"https:\/\/api.w.org\/{rel}","templated":true}]}}