{"id":1089,"date":"2015-01-05T13:49:02","date_gmt":"2015-01-05T13:49:02","guid":{"rendered":"http:\/\/jf-sbrasalportel.pt\/jf\/?p=1089"},"modified":"2015-01-19T13:49:33","modified_gmt":"2015-01-19T13:49:33","slug":"campanhas-do-banco-alimentar","status":"publish","type":"post","link":"https:\/\/jf-sbrasalportel.pt\/jfsba\/campanhas-do-banco-alimentar\/","title":{"rendered":"Campanhas do Banco Alimentar"},"content":{"rendered":"<p>Uma vez que as campanhas do Banco Alimentar se iniciaram no nosso concelho pela m\u00e3o da coordena\u00e7\u00e3o da nossa Rede de Voluntariado, cabe-nos a n\u00f3s, atrav\u00e9s desta nossa iniciativa, a organiza\u00e7\u00e3o e coordena\u00e7\u00e3o de todas estas campanhas.<\/p>\n<p>Assim, foi no passado dia 29 e 30 de Novembro que, envolvendo 87 volunt\u00e1rios e integrando a ajuda de jovens escuteiros da nossa par\u00f3quia e alguns elementos do Ex\u00e9rcitos de Salva\u00e7\u00e3o que conseguimos angariar perto de 3500Kg de alimentos n\u00e3o perec\u00edveis, junto das seguintes lojas: Mini Pre\u00e7o, Algartalhos, Intermarch\u00e9, Lidl e Pingo Doce.<\/p>\n<p>Como \u00e9 sabido, todos estes alimentos s\u00e3o levados para o armaz\u00e9m do Banco Alimentar sito em Faro, para serem pesados, separados e organizados e depois vamos levantar mensalmente, podendo ainda trazer muitos outros bens que n\u00e3o angari\u00e1mos e ainda, em regime semanal, podemos levantar alimentos frescos como fruta e legumes, entre outros. Importa referir que estes alimentos tornam poss\u00edvel o trabalho da Loja Social, contribuindo com uma parte significativa da ajuda alimentar distribu\u00edda \u00e0s fam\u00edlias com car\u00eancia econ\u00f3mica do nosso concelho.<\/p>\n","protected":false},"excerpt":{"rendered":"<p>Uma vez que as campanhas do Banco Alimentar se iniciaram no nosso concelho pela m\u00e3o da coordena\u00e7\u00e3o da nossa Rede de Voluntariado, cabe-nos a n\u00f3s, atrav\u00e9s desta nossa iniciativa, a organiza\u00e7\u00e3o e coordena\u00e7\u00e3o de todas estas campanhas. Assim, foi no passado dia 29 e 30 de Novembro que, envolvendo 87 volunt\u00e1rios e integrando a ajuda &hellip; <a href=\"https:\/\/jf-sbrasalportel.pt\/jfsba\/campanhas-do-banco-alimentar\/\" class=\"more-link\">Continuar a ler<span class=\"screen-reader-text\">Campanhas do Banco Alimentar<\/span> <span class=\"meta-nav\">&rarr;<\/span><\/a><\/p>\n","protected":false},"author":1,"featured_media":0,"comment_status":"closed","ping_status":"closed","sticky":false,"template":"","format":"standard","meta":{"_monsterinsights_skip_tracking":false,"_monsterinsights_sitenote_active":false,"_monsterinsights_sitenote_note":"","_monsterinsights_sitenote_category":0,"ngg_post_thumbnail":0,"footnotes":""},"categories":[1],"tags":[],"class_list":["post-1089","post","type-post","status-publish","format-standard","hentry","category-noticias"],"yoast_head":"<!-- This site is optimized with the Yoast SEO plugin v27.5 - https:\/\/yoast.com\/product\/yoast-seo-wordpress\/ -->\n<title>Campanhas do Banco Alimentar - Junta de Freguesia de S\u00e3o Br\u00e1s de Alportel<\/title>\n<meta name=\"robots\" content=\"index, follow, max-snippet:-1, max-image-preview:large, max-video-preview:-1\" \/>\n<link rel=\"canonical\" href=\"https:\/\/jf-sbrasalportel.pt\/jfsba\/campanhas-do-banco-alimentar\/\" \/>\n<meta property=\"og:locale\" content=\"pt_PT\" \/>\n<meta property=\"og:type\" content=\"article\" \/>\n<meta property=\"og:title\" content=\"Campanhas do Banco Alimentar - Junta de Freguesia de S\u00e3o Br\u00e1s de Alportel\" \/>\n<meta property=\"og:description\" content=\"Uma vez que as campanhas do Banco Alimentar se iniciaram no nosso concelho pela m\u00e3o da coordena\u00e7\u00e3o da nossa Rede de Voluntariado, cabe-nos a n\u00f3s, atrav\u00e9s desta nossa iniciativa, a organiza\u00e7\u00e3o e coordena\u00e7\u00e3o de todas estas campanhas. Assim, foi no passado dia 29 e 30 de Novembro que, envolvendo 87 volunt\u00e1rios e integrando a ajuda &hellip; Continuar a lerCampanhas do Banco Alimentar &rarr;\" \/>\n<meta property=\"og:url\" content=\"https:\/\/jf-sbrasalportel.pt\/jfsba\/campanhas-do-banco-alimentar\/\" \/>\n<meta property=\"og:site_name\" content=\"Junta de Freguesia de S\u00e3o Br\u00e1s de Alportel\" \/>\n<meta property=\"article:published_time\" content=\"2015-01-05T13:49:02+00:00\" \/>\n<meta property=\"article:modified_time\" content=\"2015-01-19T13:49:33+00:00\" \/>\n<meta name=\"author\" content=\"Administrador\" \/>\n<meta name=\"twitter:card\" content=\"summary_large_image\" \/>\n<meta name=\"twitter:label1\" content=\"Escrito por\" \/>\n\t<meta name=\"twitter:data1\" content=\"Administrador\" \/>\n\t<meta name=\"twitter:label2\" content=\"Tempo estimado de leitura\" \/>\n\t<meta name=\"twitter:data2\" content=\"1 minuto\" \/>\n<script type=\"application\/ld+json\" class=\"yoast-schema-graph\">{\"@context\":\"https:\\\/\\\/schema.org\",\"@graph\":[{\"@type\":\"Article\",\"@id\":\"https:\\\/\\\/jf-sbrasalportel.pt\\\/jfsba\\\/campanhas-do-banco-alimentar\\\/#article\",\"isPartOf\":{\"@id\":\"https:\\\/\\\/jf-sbrasalportel.pt\\\/jfsba\\\/campanhas-do-banco-alimentar\\\/\"},\"author\":{\"name\":\"Administrador\",\"@id\":\"https:\\\/\\\/jf-sbrasalportel.pt\\\/jfsba\\\/#\\\/schema\\\/person\\\/3c45b98690e998c100dcef2e2cf4306a\"},\"headline\":\"Campanhas do Banco Alimentar\",\"datePublished\":\"2015-01-05T13:49:02+00:00\",\"dateModified\":\"2015-01-19T13:49:33+00:00\",\"mainEntityOfPage\":{\"@id\":\"https:\\\/\\\/jf-sbrasalportel.pt\\\/jfsba\\\/campanhas-do-banco-alimentar\\\/\"},\"wordCount\":193,\"articleSection\":[\"Not\u00edcias e Eventos\"],\"inLanguage\":\"pt-PT\"},{\"@type\":\"WebPage\",\"@id\":\"https:\\\/\\\/jf-sbrasalportel.pt\\\/jfsba\\\/campanhas-do-banco-alimentar\\\/\",\"url\":\"https:\\\/\\\/jf-sbrasalportel.pt\\\/jfsba\\\/campanhas-do-banco-alimentar\\\/\",\"name\":\"Campanhas do Banco Alimentar - Junta de Freguesia de S\u00e3o Br\u00e1s de Alportel\",\"isPartOf\":{\"@id\":\"https:\\\/\\\/jf-sbrasalportel.pt\\\/jfsba\\\/#website\"},\"datePublished\":\"2015-01-05T13:49:02+00:00\",\"dateModified\":\"2015-01-19T13:49:33+00:00\",\"author\":{\"@id\":\"https:\\\/\\\/jf-sbrasalportel.pt\\\/jfsba\\\/#\\\/schema\\\/person\\\/3c45b98690e998c100dcef2e2cf4306a\"},\"breadcrumb\":{\"@id\":\"https:\\\/\\\/jf-sbrasalportel.pt\\\/jfsba\\\/campanhas-do-banco-alimentar\\\/#breadcrumb\"},\"inLanguage\":\"pt-PT\",\"potentialAction\":[{\"@type\":\"ReadAction\",\"target\":[\"https:\\\/\\\/jf-sbrasalportel.pt\\\/jfsba\\\/campanhas-do-banco-alimentar\\\/\"]}]},{\"@type\":\"BreadcrumbList\",\"@id\":\"https:\\\/\\\/jf-sbrasalportel.pt\\\/jfsba\\\/campanhas-do-banco-alimentar\\\/#breadcrumb\",\"itemListElement\":[{\"@type\":\"ListItem\",\"position\":1,\"name\":\"In\u00edcio\",\"item\":\"https:\\\/\\\/jf-sbrasalportel.pt\\\/jfsba\\\/\"},{\"@type\":\"ListItem\",\"position\":2,\"name\":\"Campanhas do Banco Alimentar\"}]},{\"@type\":\"WebSite\",\"@id\":\"https:\\\/\\\/jf-sbrasalportel.pt\\\/jfsba\\\/#website\",\"url\":\"https:\\\/\\\/jf-sbrasalportel.pt\\\/jfsba\\\/\",\"name\":\"Junta de Freguesia de S\u00e3o Br\u00e1s de Alportel\",\"description\":\"Site institucional da Freguesia de S\u00e3o Br\u00e1s de Alportel\",\"potentialAction\":[{\"@type\":\"SearchAction\",\"target\":{\"@type\":\"EntryPoint\",\"urlTemplate\":\"https:\\\/\\\/jf-sbrasalportel.pt\\\/jfsba\\\/?s={search_term_string}\"},\"query-input\":{\"@type\":\"PropertyValueSpecification\",\"valueRequired\":true,\"valueName\":\"search_term_string\"}}],\"inLanguage\":\"pt-PT\"},{\"@type\":\"Person\",\"@id\":\"https:\\\/\\\/jf-sbrasalportel.pt\\\/jfsba\\\/#\\\/schema\\\/person\\\/3c45b98690e998c100dcef2e2cf4306a\",\"name\":\"Administrador\",\"image\":{\"@type\":\"ImageObject\",\"inLanguage\":\"pt-PT\",\"@id\":\"https:\\\/\\\/secure.gravatar.com\\\/avatar\\\/76e7c2d93cee5a50bf741369ed587db81d9b815d7da83d5b725a253106747bd5?s=96&d=mm&r=g\",\"url\":\"https:\\\/\\\/secure.gravatar.com\\\/avatar\\\/76e7c2d93cee5a50bf741369ed587db81d9b815d7da83d5b725a253106747bd5?s=96&d=mm&r=g\",\"contentUrl\":\"https:\\\/\\\/secure.gravatar.com\\\/avatar\\\/76e7c2d93cee5a50bf741369ed587db81d9b815d7da83d5b725a253106747bd5?s=96&d=mm&r=g\",\"caption\":\"Administrador\"},\"sameAs\":[\"http:\\\/\\\/www.jf-sbrasalportel.pt\"],\"url\":\"https:\\\/\\\/jf-sbrasalportel.pt\\\/jfsba\\\/author\\\/admin_jfsba\\\/\"}]}<\/script>\n<!-- \/ Yoast SEO plugin. -->","yoast_head_json":{"title":"Campanhas do Banco Alimentar - Junta de Freguesia de S\u00e3o Br\u00e1s de Alportel","robots":{"index":"index","follow":"follow","max-snippet":"max-snippet:-1","max-image-preview":"max-image-preview:large","max-video-preview":"max-video-preview:-1"},"canonical":"https:\/\/jf-sbrasalportel.pt\/jfsba\/campanhas-do-banco-alimentar\/","og_locale":"pt_PT","og_type":"article","og_title":"Campanhas do Banco Alimentar - Junta de Freguesia de S\u00e3o Br\u00e1s de Alportel","og_description":"Uma vez que as campanhas do Banco Alimentar se iniciaram no nosso concelho pela m\u00e3o da coordena\u00e7\u00e3o da nossa Rede de Voluntariado, cabe-nos a n\u00f3s, atrav\u00e9s desta nossa iniciativa, a organiza\u00e7\u00e3o e coordena\u00e7\u00e3o de todas estas campanhas. Assim, foi no passado dia 29 e 30 de Novembro que, envolvendo 87 volunt\u00e1rios e integrando a ajuda &hellip; Continuar a lerCampanhas do Banco Alimentar &rarr;","og_url":"https:\/\/jf-sbrasalportel.pt\/jfsba\/campanhas-do-banco-alimentar\/","og_site_name":"Junta de Freguesia de S\u00e3o Br\u00e1s de Alportel","article_published_time":"2015-01-05T13:49:02+00:00","article_modified_time":"2015-01-19T13:49:33+00:00","author":"Administrador","twitter_card":"summary_large_image","twitter_misc":{"Escrito por":"Administrador","Tempo estimado de leitura":"1 minuto"},"schema":{"@context":"https:\/\/schema.org","@graph":[{"@type":"Article","@id":"https:\/\/jf-sbrasalportel.pt\/jfsba\/campanhas-do-banco-alimentar\/#article","isPartOf":{"@id":"https:\/\/jf-sbrasalportel.pt\/jfsba\/campanhas-do-banco-alimentar\/"},"author":{"name":"Administrador","@id":"https:\/\/jf-sbrasalportel.pt\/jfsba\/#\/schema\/person\/3c45b98690e998c100dcef2e2cf4306a"},"headline":"Campanhas do Banco Alimentar","datePublished":"2015-01-05T13:49:02+00:00","dateModified":"2015-01-19T13:49:33+00:00","mainEntityOfPage":{"@id":"https:\/\/jf-sbrasalportel.pt\/jfsba\/campanhas-do-banco-alimentar\/"},"wordCount":193,"articleSection":["Not\u00edcias e Eventos"],"inLanguage":"pt-PT"},{"@type":"WebPage","@id":"https:\/\/jf-sbrasalportel.pt\/jfsba\/campanhas-do-banco-alimentar\/","url":"https:\/\/jf-sbrasalportel.pt\/jfsba\/campanhas-do-banco-alimentar\/","name":"Campanhas do Banco Alimentar - Junta de Freguesia de S\u00e3o Br\u00e1s de Alportel","isPartOf":{"@id":"https:\/\/jf-sbrasalportel.pt\/jfsba\/#website"},"datePublished":"2015-01-05T13:49:02+00:00","dateModified":"2015-01-19T13:49:33+00:00","author":{"@id":"https:\/\/jf-sbrasalportel.pt\/jfsba\/#\/schema\/person\/3c45b98690e998c100dcef2e2cf4306a"},"breadcrumb":{"@id":"https:\/\/jf-sbrasalportel.pt\/jfsba\/campanhas-do-banco-alimentar\/#breadcrumb"},"inLanguage":"pt-PT","potentialAction":[{"@type":"ReadAction","target":["https:\/\/jf-sbrasalportel.pt\/jfsba\/campanhas-do-banco-alimentar\/"]}]},{"@type":"BreadcrumbList","@id":"https:\/\/jf-sbrasalportel.pt\/jfsba\/campanhas-do-banco-alimentar\/#breadcrumb","itemListElement":[{"@type":"ListItem","position":1,"name":"In\u00edcio","item":"https:\/\/jf-sbrasalportel.pt\/jfsba\/"},{"@type":"ListItem","position":2,"name":"Campanhas do Banco Alimentar"}]},{"@type":"WebSite","@id":"https:\/\/jf-sbrasalportel.pt\/jfsba\/#website","url":"https:\/\/jf-sbrasalportel.pt\/jfsba\/","name":"Junta de Freguesia de S\u00e3o Br\u00e1s de Alportel","description":"Site institucional da Freguesia de S\u00e3o Br\u00e1s de Alportel","potentialAction":[{"@type":"SearchAction","target":{"@type":"EntryPoint","urlTemplate":"https:\/\/jf-sbrasalportel.pt\/jfsba\/?s={search_term_string}"},"query-input":{"@type":"PropertyValueSpecification","valueRequired":true,"valueName":"search_term_string"}}],"inLanguage":"pt-PT"},{"@type":"Person","@id":"https:\/\/jf-sbrasalportel.pt\/jfsba\/#\/schema\/person\/3c45b98690e998c100dcef2e2cf4306a","name":"Administrador","image":{"@type":"ImageObject","inLanguage":"pt-PT","@id":"https:\/\/secure.gravatar.com\/avatar\/76e7c2d93cee5a50bf741369ed587db81d9b815d7da83d5b725a253106747bd5?s=96&d=mm&r=g","url":"https:\/\/secure.gravatar.com\/avatar\/76e7c2d93cee5a50bf741369ed587db81d9b815d7da83d5b725a253106747bd5?s=96&d=mm&r=g","contentUrl":"https:\/\/secure.gravatar.com\/avatar\/76e7c2d93cee5a50bf741369ed587db81d9b815d7da83d5b725a253106747bd5?s=96&d=mm&r=g","caption":"Administrador"},"sameAs":["http:\/\/www.jf-sbrasalportel.pt"],"url":"https:\/\/jf-sbrasalportel.pt\/jfsba\/author\/admin_jfsba\/"}]}},"_links":{"self":[{"href":"https:\/\/jf-sbrasalportel.pt\/jfsba\/wp-json\/wp\/v2\/posts\/1089","targetHints":{"allow":["GET"]}}],"collection":[{"href":"https:\/\/jf-sbrasalportel.pt\/jfsba\/wp-json\/wp\/v2\/posts"}],"about":[{"href":"https:\/\/jf-sbrasalportel.pt\/jfsba\/wp-json\/wp\/v2\/types\/post"}],"author":[{"embeddable":true,"href":"https:\/\/jf-sbrasalportel.pt\/jfsba\/wp-json\/wp\/v2\/users\/1"}],"replies":[{"embeddable":true,"href":"https:\/\/jf-sbrasalportel.pt\/jfsba\/wp-json\/wp\/v2\/comments?post=1089"}],"version-history":[{"count":1,"href":"https:\/\/jf-sbrasalportel.pt\/jfsba\/wp-json\/wp\/v2\/posts\/1089\/revisions"}],"predecessor-version":[{"id":1090,"href":"https:\/\/jf-sbrasalportel.pt\/jfsba\/wp-json\/wp\/v2\/posts\/1089\/revisions\/1090"}],"wp:attachment":[{"href":"https:\/\/jf-sbrasalportel.pt\/jfsba\/wp-json\/wp\/v2\/media?parent=1089"}],"wp:term":[{"taxonomy":"category","embeddable":true,"href":"https:\/\/jf-sbrasalportel.pt\/jfsba\/wp-json\/wp\/v2\/categories?post=1089"},{"taxonomy":"post_tag","embeddable":true,"href":"https:\/\/jf-sbrasalportel.pt\/jfsba\/wp-json\/wp\/v2\/tags?post=1089"}],"curies":[{"name":"wp","href":"https:\/\/api.w.org\/{rel}","templated":true}]}}